{"id":88093,"date":"2025-07-14T06:32:53","date_gmt":"2025-07-14T12:32:53","guid":{"rendered":"https:\/\/elinformante.mx\/?p=88093"},"modified":"2025-07-14T06:34:49","modified_gmt":"2025-07-14T12:34:49","slug":"se-recuperan-mediante-operacion-restitucion-55-inmuebles-en-edomex","status":"publish","type":"post","link":"https:\/\/elinformante.mx\/?p=88093","title":{"rendered":"Se recuperan mediante Operaci\u00f3n \u201cRestituci\u00f3n\u201d 55 inmuebles en Edom\u00e9x"},"content":{"rendered":"\n<figure class=\"wp-block-pullquote\"><blockquote><p>La Fiscal\u00eda Edom\u00e9x ha asegurado hasta el momento 546 inmuebles, de los cuales 140 ya fueron restituidos a sus leg\u00edtimos propietarios.<\/p><\/blockquote><\/figure>\n\n\n\n<p class=\"has-drop-cap\">De la semana del 7 al 11 de julio de ese a\u00f1o y en el marco de la Operaci\u00f3n \u201cRestituci\u00f3n\u201d, la Fiscal\u00eda General de Justicia del Estado de M\u00e9xico, con apoyo de elementos de DEFENSA, MARINA, Guardia Nacional (GN), SSEM y corporaciones de polic\u00edas municipales, aseguraron 55 inmuebles, mediante acciones realizadas en 16 municipios mexiquenses.<br><\/p>\n\n\n\n<figure class=\"wp-block-image size-large\"><img fetchpriority=\"high\" decoding=\"async\" width=\"1024\" height=\"506\" src=\"https:\/\/elinformante.mx\/wp-content\/uploads\/2025\/07\/8operacion-3-1024x506.jpeg\" alt=\"\" class=\"wp-image-88095\" srcset=\"https:\/\/elinformante.mx\/wp-content\/uploads\/2025\/07\/8operacion-3-1024x506.jpeg 1024w, https:\/\/elinformante.mx\/wp-content\/uploads\/2025\/07\/8operacion-3-300x148.jpeg 300w, https:\/\/elinformante.mx\/wp-content\/uploads\/2025\/07\/8operacion-3-768x379.jpeg 768w, https:\/\/elinformante.mx\/wp-content\/uploads\/2025\/07\/8operacion-3.jpeg 1140w\" sizes=\"(max-width: 1024px) 100vw, 1024px\" \/><\/figure>\n\n\n\n<p>Mediante cateos e inspecciones realizados en inmuebles ubicados en los municipios Almoloya de Ju\u00e1rez, Chalco, Chicoloapan, Chimalhuac\u00e1n, Ecatepec, Ixtapaluca, La Paz, Metepec, Nezahualc\u00f3yotl, San Antonio La Isla, Texcoco, Tezoyuca, Tianguistenco, Tultepec, Tultitl\u00e1n y Valle de Chalco, fueron asegurados estos 55 inmuebles, con lo que suman 546 propiedades aseguradas desde que fue puesta en marcha la \u201cEstrategia para la Restituci\u00f3n de la Propiedad\u201d, el pasado mes de abril.<br><\/p>\n\n\n\n<figure class=\"wp-block-image size-large\"><img decoding=\"async\" width=\"1024\" height=\"506\" src=\"https:\/\/elinformante.mx\/wp-content\/uploads\/2025\/07\/8operacion-4-1024x506.jpeg\" alt=\"\" class=\"wp-image-88096\" srcset=\"https:\/\/elinformante.mx\/wp-content\/uploads\/2025\/07\/8operacion-4-1024x506.jpeg 1024w, https:\/\/elinformante.mx\/wp-content\/uploads\/2025\/07\/8operacion-4-300x148.jpeg 300w, https:\/\/elinformante.mx\/wp-content\/uploads\/2025\/07\/8operacion-4-768x379.jpeg 768w, https:\/\/elinformante.mx\/wp-content\/uploads\/2025\/07\/8operacion-4.jpeg 1140w\" sizes=\"(max-width: 1024px) 100vw, 1024px\" \/><\/figure>\n\n\n\n<p>Cabe mencionar que uno de los inmuebles asegurados, ubicado en el Fraccionamiento Fortaleza, en el municipio de Ecatepec, era al parecer utilizado como oficina por integrantes del Sindicato Nacional 25 de Marzo y Uni\u00f3n de Sindicatos y Organizaciones Nacionales (USON).<br><\/p>\n\n\n\n<figure class=\"wp-block-image size-large\"><img decoding=\"async\" width=\"1024\" height=\"506\" src=\"https:\/\/elinformante.mx\/wp-content\/uploads\/2025\/07\/8operacion-5-1024x506.jpeg\" alt=\"\" class=\"wp-image-88097\" srcset=\"https:\/\/elinformante.mx\/wp-content\/uploads\/2025\/07\/8operacion-5-1024x506.jpeg 1024w, https:\/\/elinformante.mx\/wp-content\/uploads\/2025\/07\/8operacion-5-300x148.jpeg 300w, https:\/\/elinformante.mx\/wp-content\/uploads\/2025\/07\/8operacion-5-768x379.jpeg 768w, https:\/\/elinformante.mx\/wp-content\/uploads\/2025\/07\/8operacion-5.jpeg 1140w\" sizes=\"(max-width: 1024px) 100vw, 1024px\" \/><\/figure>\n\n\n\n<p>Con respecto a los inmuebles asegurados como parte de Operaci\u00f3n \u201cRestituci\u00f3n\u201d, la Fiscal\u00eda realiz\u00f3 la restituci\u00f3n de 140 de estos a qui\u00e9n, con base en determinaci\u00f3n del Ministerio P\u00fablico se acredit\u00f3 con la leg\u00edtima propiedad de los mismos.<br><\/p>\n\n\n\n<figure class=\"wp-block-image size-large\"><img loading=\"lazy\" decoding=\"async\" width=\"1024\" height=\"506\" src=\"https:\/\/elinformante.mx\/wp-content\/uploads\/2025\/07\/8operacion-1024x506.jpeg\" alt=\"\" class=\"wp-image-88098\" srcset=\"https:\/\/elinformante.mx\/wp-content\/uploads\/2025\/07\/8operacion-1024x506.jpeg 1024w, https:\/\/elinformante.mx\/wp-content\/uploads\/2025\/07\/8operacion-300x148.jpeg 300w, https:\/\/elinformante.mx\/wp-content\/uploads\/2025\/07\/8operacion-768x379.jpeg 768w, https:\/\/elinformante.mx\/wp-content\/uploads\/2025\/07\/8operacion.jpeg 1140w\" sizes=\"(max-width: 1024px) 100vw, 1024px\" \/><\/figure>\n\n\n\n<p>La Fiscal\u00eda mexiquense reitera que la identificaci\u00f3n de los inmuebles en situaci\u00f3n de despojo y la restituci\u00f3n a sus leg\u00edtimos propietarios se lleva a cabo a partir de actos de investigaci\u00f3n, para ello fue creada la Unidad Especial para la Investigaci\u00f3n de los Delitos de Despojo y Contra la Seguridad de la Propiedad y Posesi\u00f3n de Inmuebles, a trav\u00e9s de la cual se convoca a los agraviados para que en sede ministerial se resuelva la situaci\u00f3n de sus propiedades.<br><\/p>\n\n\n\n<figure class=\"wp-block-image size-large\"><img loading=\"lazy\" decoding=\"async\" width=\"1024\" height=\"506\" src=\"https:\/\/elinformante.mx\/wp-content\/uploads\/2025\/07\/8operacion-2-aaa-1024x506.jpg\" alt=\"\" class=\"wp-image-88099\" srcset=\"https:\/\/elinformante.mx\/wp-content\/uploads\/2025\/07\/8operacion-2-aaa-1024x506.jpg 1024w, https:\/\/elinformante.mx\/wp-content\/uploads\/2025\/07\/8operacion-2-aaa-300x148.jpg 300w, https:\/\/elinformante.mx\/wp-content\/uploads\/2025\/07\/8operacion-2-aaa-768x379.jpg 768w, https:\/\/elinformante.mx\/wp-content\/uploads\/2025\/07\/8operacion-2-aaa.jpg 1140w\" sizes=\"(max-width: 1024px) 100vw, 1024px\" \/><\/figure>\n\n\n\n<p>Operaci\u00f3n \u201cRestituci\u00f3n\u201d forma parte de la \u201cEstrategia para la Restituci\u00f3n de la Propiedad\u201d, impulsada desde la Mesa de Coordinaci\u00f3n para la Construcci\u00f3n de la Paz, que en la entidad encabeza la Gobernadora Delfina G\u00f3mez \u00c1lvarez, en sus acciones participan la DEFENSA, MARINA, GN, as\u00ed como del Gobierno del Estado de M\u00e9xico a trav\u00e9s de la SSEM.<\/p>\n","protected":false},"excerpt":{"rendered":"<p>La Fiscal\u00eda Edom\u00e9x ha asegurado hasta el momento 546 inmuebles, de los cuales 140 ya fueron restituidos a sus leg\u00edtimos propietarios. De la semana del 7 al 11 de julio de ese a\u00f1o y en el marco de la Operaci\u00f3n \u201cRestituci\u00f3n\u201d, la Fiscal\u00eda General de Justicia del Estado de M\u00e9xico, con apoyo de elementos de [&hellip;]<\/p>\n","protected":false},"author":1,"featured_media":88094,"comment_status":"closed","ping_status":"closed","sticky":false,"template":"","format":"standard","meta":{"footnotes":""},"categories":[30,36,31],"tags":[46],"class_list":["post-88093","post","type-post","status-publish","format-standard","has-post-thumbnail","hentry","category-destacado","category-edomex","category-portada","tag-portadaedomex"],"_links":{"self":[{"href":"https:\/\/elinformante.mx\/index.php?rest_route=\/wp\/v2\/posts\/88093","targetHints":{"allow":["GET"]}}],"collection":[{"href":"https:\/\/elinformante.mx\/index.php?rest_route=\/wp\/v2\/posts"}],"about":[{"href":"https:\/\/elinformante.mx\/index.php?rest_route=\/wp\/v2\/types\/post"}],"author":[{"embeddable":true,"href":"https:\/\/elinformante.mx\/index.php?rest_route=\/wp\/v2\/users\/1"}],"replies":[{"embeddable":true,"href":"https:\/\/elinformante.mx\/index.php?rest_route=%2Fwp%2Fv2%2Fcomments&post=88093"}],"version-history":[{"count":0,"href":"https:\/\/elinformante.mx\/index.php?rest_route=\/wp\/v2\/posts\/88093\/revisions"}],"wp:featuredmedia":[{"embeddable":true,"href":"https:\/\/elinformante.mx\/index.php?rest_route=\/wp\/v2\/media\/88094"}],"wp:attachment":[{"href":"https:\/\/elinformante.mx\/index.php?rest_route=%2Fwp%2Fv2%2Fmedia&parent=88093"}],"wp:term":[{"taxonomy":"category","embeddable":true,"href":"https:\/\/elinformante.mx\/index.php?rest_route=%2Fwp%2Fv2%2Fcategories&post=88093"},{"taxonomy":"post_tag","embeddable":true,"href":"https:\/\/elinformante.mx\/index.php?rest_route=%2Fwp%2Fv2%2Ftags&post=88093"}],"curies":[{"name":"wp","href":"https:\/\/api.w.org\/{rel}","templated":true}]}}