{"id":88104,"date":"2025-07-14T06:41:17","date_gmt":"2025-07-14T12:41:17","guid":{"rendered":"https:\/\/elinformante.mx\/?p=88104"},"modified":"2025-07-14T06:41:19","modified_gmt":"2025-07-14T12:41:19","slug":"se-vive-jornada-memorable-con-xviii-edicion-del-medio-maraton-bbva-2025","status":"publish","type":"post","link":"https:\/\/elinformante.mx\/?p=88104","title":{"rendered":"Se vive jornada memorable con XVIII edici\u00f3n del Medio Marat\u00f3n BBVA 2025"},"content":{"rendered":"\n<figure class=\"wp-block-pullquote\"><blockquote><p>Entre los miles de participantes, dos atletas destacaron por su impresionante desempe\u00f1o al ser los primeros en cruzar la l\u00ednea de meta.<\/p><\/blockquote><\/figure>\n\n\n\n<p class=\"has-drop-cap\">M\u00e1s de 30 mil corredoras y corredores se dieron cita en una de las fiestas deportivas m\u00e1s emblem\u00e1ticas del pa\u00eds, donde la emoci\u00f3n se vivi\u00f3 kil\u00f3metro a kil\u00f3metro desde Paseo de la Reforma hasta el \u00c1ngel de la Independencia.<br><\/p>\n\n\n\n<p>Entre los miles de participantes, dos atletas destacaron por su impresionante desempe\u00f1o al ser los primeros en cruzar la l\u00ednea de meta.<br><\/p>\n\n\n\n<p>En la categor\u00eda varonil, el triunfo fue para Mart\u00edn Magengo Kiprotich; mientras que en la rama femenil, la victoria correspondi\u00f3 a Marion Jepkonga Kibor de Kenia.<br><\/p>\n\n\n\n<p>El ugand\u00e9s Martin Magengo Kiprotich de 22 a\u00f1os, detuvo el cron\u00f3metro en un tiempo de 1 hora, 03 minutos y 22 segundos, qui\u00e9n impuso una nueva marca hist\u00f3rica, superando el registro del mexicano Juan Luis Barrios establecido en 2010 qui\u00e9n lo ostentaba con 1:03:55. Esta haza\u00f1a lo consagra como el nuevo due\u00f1o del mejor tiempo en el Medio Marat\u00f3n de la Ciudad de M\u00e9xico.<br><\/p>\n\n\n\n<p>En la rama femenil, la atleta Marion Jepkonga Kibor, 31 a\u00f1os de, de nacionalidad keniata, conquist\u00f3 la gloria con un tiempo de 1:12:48, qui\u00e9n no pudo superar el r\u00e9cord de su compatriota keniana Joyce Chepkemoi Tele, con 1:10:34 en la edici\u00f3n 2024.<br><\/p>\n\n\n\n<p>El segundo y tercer lugar de la categor\u00eda varonil fueron para los keniatas Edwin Kiprop Kiptoo con un tiempo de 1:03:28, y Leonard Kipkoech Langat, quien concluy\u00f3 la carrera en 1:05:49. Mientras el mexicano Jorge Luis Cruz P\u00e9rez obtuvo la cuarta posici\u00f3n con un tiempo de 1:07:49.<br><\/p>\n\n\n\n<p>En la rama femenil, el segundo lugar fue para Daizy Jemutai Rutto de Kenia con un registro de 1:15:36, la tercera posici\u00f3n fue para la mexicana Kathia Mirell Garc\u00eda Barrios, quien finaliz\u00f3 en 1:19:19.<br><\/p>\n\n\n\n<p>Los ganadores absolutos recibir\u00e1n un premio de 50 mil pesos, mientras que los segundos y terceros lugares ser\u00e1n acreedores a 35 mil y 20 mil pesos respectivamente.<br><\/p>\n\n\n\n<p>Se inici\u00f3 en punto de las 05:55 de la ma\u00f1ana desde la Torre del Caballito, en Avenida Paseo de la Reforma. La ruta continu\u00f3 por la Primera y Segunda Secci\u00f3n del Bosque de Chapultepec, para regresar por Gandhi y culminar gloriosamente frente al \u00c1ngel de la Independencia. Durante el recorrido, los participantes disfrutaron de paisajes ic\u00f3nicos y la calidez de una ciudad que aplaude con el alma.<br><\/p>\n\n\n\n<p>La salida del Medio Marat\u00f3n de la Ciudad de M\u00e9xico BBVA 2025 se llev\u00f3 a cabo en siete bloques escalonados hasta las 07:00 horas, lo que permiti\u00f3 una experiencia m\u00e1s ordenada, \u00e1gil y disfrutable para todas y todos los corredores, d\u00e1ndole ritmo y armon\u00eda al arranque de esta gran fiesta deportiva.<br><\/p>\n\n\n\n<p>El Medio Marat\u00f3n de la Ciudad de M\u00e9xico BBVA 2025 se inspira en la conmemoraci\u00f3n de los 700 a\u00f1os de la fundaci\u00f3n de M\u00e9xico-Tenochtitlan, rindiendo homenaje a la riqueza cultural y ancestral de la ciudad.<br><\/p>\n\n\n\n<p>Para esta edici\u00f3n, la medalla oficial representa un quetzal, ave sagrada y s\u00edmbolo de libertad, poder y espiritualidad en las culturas mesoamericanas, siendo adem\u00e1s un personaje ic\u00f3nico elegido para distinguir a quienes cruzan la meta, quienes fueron galardonados con esta medalla que conecta el logro deportivo con el legado hist\u00f3rico y cultural de la Ciudad de M\u00e9xico.<br><\/p>\n\n\n\n<p>De esta manera, todos los participantes se convirtieron en Embajadores del Deporte y la Paz al formar parte de esta celebraci\u00f3n \u00fanica.<\/p>\n","protected":false},"excerpt":{"rendered":"<p>Entre los miles de participantes, dos atletas destacaron por su impresionante desempe\u00f1o al ser los primeros en cruzar la l\u00ednea de meta. M\u00e1s de 30 mil corredoras y corredores se dieron cita en una de las fiestas deportivas m\u00e1s emblem\u00e1ticas del pa\u00eds, donde la emoci\u00f3n se vivi\u00f3 kil\u00f3metro a kil\u00f3metro desde Paseo de la Reforma [&hellip;]<\/p>\n","protected":false},"author":1,"featured_media":88105,"comment_status":"closed","ping_status":"closed","sticky":false,"template":"","format":"standard","meta":{"footnotes":""},"categories":[35,30],"tags":[],"class_list":["post-88104","post","type-post","status-publish","format-standard","has-post-thumbnail","hentry","category-cdmx","category-destacado"],"_links":{"self":[{"href":"https:\/\/elinformante.mx\/index.php?rest_route=\/wp\/v2\/posts\/88104","targetHints":{"allow":["GET"]}}],"collection":[{"href":"https:\/\/elinformante.mx\/index.php?rest_route=\/wp\/v2\/posts"}],"about":[{"href":"https:\/\/elinformante.mx\/index.php?rest_route=\/wp\/v2\/types\/post"}],"author":[{"embeddable":true,"href":"https:\/\/elinformante.mx\/index.php?rest_route=\/wp\/v2\/users\/1"}],"replies":[{"embeddable":true,"href":"https:\/\/elinformante.mx\/index.php?rest_route=%2Fwp%2Fv2%2Fcomments&post=88104"}],"version-history":[{"count":0,"href":"https:\/\/elinformante.mx\/index.php?rest_route=\/wp\/v2\/posts\/88104\/revisions"}],"wp:featuredmedia":[{"embeddable":true,"href":"https:\/\/elinformante.mx\/index.php?rest_route=\/wp\/v2\/media\/88105"}],"wp:attachment":[{"href":"https:\/\/elinformante.mx\/index.php?rest_route=%2Fwp%2Fv2%2Fmedia&parent=88104"}],"wp:term":[{"taxonomy":"category","embeddable":true,"href":"https:\/\/elinformante.mx\/index.php?rest_route=%2Fwp%2Fv2%2Fcategories&post=88104"},{"taxonomy":"post_tag","embeddable":true,"href":"https:\/\/elinformante.mx\/index.php?rest_route=%2Fwp%2Fv2%2Ftags&post=88104"}],"curies":[{"name":"wp","href":"https:\/\/api.w.org\/{rel}","templated":true}]}}