{"id":88121,"date":"2025-07-14T07:02:32","date_gmt":"2025-07-14T13:02:32","guid":{"rendered":"https:\/\/elinformante.mx\/?p=88121"},"modified":"2025-07-14T07:02:58","modified_gmt":"2025-07-14T13:02:58","slug":"arranca-la-guardia-nacional-el-operativo-vacacional-de-verano-2025","status":"publish","type":"post","link":"https:\/\/elinformante.mx\/?p=88121","title":{"rendered":"Arranca la Guardia Nacional el Operativo Vacacional de Verano 2025"},"content":{"rendered":"\n<figure class=\"wp-block-pullquote\"><blockquote><p>Este tipo de operativos tienen el prop\u00f3sito de orientar a los visitantes y proporcionar el auxilio en caso de alguna emergencia.<\/p><\/blockquote><\/figure>\n\n\n\n<p class=\"has-drop-cap\">La Guardia Nacional se encuentra lista para salvaguardar la seguridad de turistas nacionales y extranjeros mientras se encuentran transitando por el territorio nacional o\/y en los centros tur\u00edsticos.<br><\/p>\n\n\n\n<p>Se anunci\u00f3 que la Guardia Nacional (GN) participar\u00e1 en el Operativo Vacacional de Verano 2025, considerada como una de las \u00e9pocas m\u00e1s altas para el turismo nacional e internacional y su recreaci\u00f3n.<br><\/p>\n\n\n\n<h2 class=\"wp-block-heading\">Ante el incremento del flujo vehicular se anunci\u00f3 que se implementaran diferentes operativos:<br><\/h2>\n\n\n\n<ul class=\"wp-block-list\">\n<li>-Anti-asaltos centrados en reforzar la seguridad y disminuir la incidencia delictiva.<br><\/li>\n\n\n\n<li>-Caballero del Camino: que brindar asistencia vial, m\u00e9dica y orientaci\u00f3n tur\u00edstica.<br><\/li>\n\n\n\n<li>-Carrusel que se centrar\u00e1 en mantener el control de los l\u00edmite de velocidad.<br><\/li>\n\n\n\n<li>-Radar para la detecci\u00f3n de veh\u00edculos que rebasan los l\u00edmites de velocidad<br><\/li>\n\n\n\n<li>-Cintur\u00f3n con el prop\u00f3sito de disminuir el riesgo de lesiones en caso de accidente.<br><\/li>\n<\/ul>\n\n\n\n<p>La instituci\u00f3n se\u00f1al\u00f3 que este tipo de operativos tienen el prop\u00f3sito de orientar a los visitantes y proporcionar el auxilio en caso de alguna emergencia. Adem\u00e1s de reforzar el despliegue en los aeropuertos y centrales camioneras, de las 32 entidades del pa\u00eds.<br><\/p>\n\n\n\n<p>De acuerdo a los datos de las Encuestas de Viajeros Internacionales (EVI) se inform\u00f3 que de Turismo de Internaci\u00f3n (ETI) y, de Viajeros Fronterizos (EVF), durante mayo del 2025 ingresaron al pa\u00eds 7 millones 938 mil 444 visitantes, lo que representa un 18% m\u00e1s que en el mismo mes de 2024.<br><\/p>\n\n\n\n<p>Se\u00f1alaron que 3 millones 751 mil 180, es decir el 47.3% fueron turistas internacionales viajeras y viajeros residentes en el extranjero que pernoctaron en M\u00e9xico, un 10% superior al mismo mes de un a\u00f1o antes, y 4 millones 187 mil 264, que significan el 52.7% fueron excursionistas, es decir visitantes que no pernoctaron en su viaje.<\/p>\n","protected":false},"excerpt":{"rendered":"<p>Este tipo de operativos tienen el prop\u00f3sito de orientar a los visitantes y proporcionar el auxilio en caso de alguna emergencia. La Guardia Nacional se encuentra lista para salvaguardar la seguridad de turistas nacionales y extranjeros mientras se encuentran transitando por el territorio nacional o\/y en los centros tur\u00edsticos. Se anunci\u00f3 que la Guardia Nacional [&hellip;]<\/p>\n","protected":false},"author":1,"featured_media":88122,"comment_status":"closed","ping_status":"closed","sticky":false,"template":"","format":"standard","meta":{"footnotes":""},"categories":[34],"tags":[],"class_list":["post-88121","post","type-post","status-publish","format-standard","has-post-thumbnail","hentry","category-nacional"],"_links":{"self":[{"href":"https:\/\/elinformante.mx\/index.php?rest_route=\/wp\/v2\/posts\/88121","targetHints":{"allow":["GET"]}}],"collection":[{"href":"https:\/\/elinformante.mx\/index.php?rest_route=\/wp\/v2\/posts"}],"about":[{"href":"https:\/\/elinformante.mx\/index.php?rest_route=\/wp\/v2\/types\/post"}],"author":[{"embeddable":true,"href":"https:\/\/elinformante.mx\/index.php?rest_route=\/wp\/v2\/users\/1"}],"replies":[{"embeddable":true,"href":"https:\/\/elinformante.mx\/index.php?rest_route=%2Fwp%2Fv2%2Fcomments&post=88121"}],"version-history":[{"count":0,"href":"https:\/\/elinformante.mx\/index.php?rest_route=\/wp\/v2\/posts\/88121\/revisions"}],"wp:featuredmedia":[{"embeddable":true,"href":"https:\/\/elinformante.mx\/index.php?rest_route=\/wp\/v2\/media\/88122"}],"wp:attachment":[{"href":"https:\/\/elinformante.mx\/index.php?rest_route=%2Fwp%2Fv2%2Fmedia&parent=88121"}],"wp:term":[{"taxonomy":"category","embeddable":true,"href":"https:\/\/elinformante.mx\/index.php?rest_route=%2Fwp%2Fv2%2Fcategories&post=88121"},{"taxonomy":"post_tag","embeddable":true,"href":"https:\/\/elinformante.mx\/index.php?rest_route=%2Fwp%2Fv2%2Ftags&post=88121"}],"curies":[{"name":"wp","href":"https:\/\/api.w.org\/{rel}","templated":true}]}}