{"id":88133,"date":"2025-07-14T07:12:40","date_gmt":"2025-07-14T13:12:40","guid":{"rendered":"https:\/\/elinformante.mx\/?p=88133"},"modified":"2025-07-14T07:12:43","modified_gmt":"2025-07-14T13:12:43","slug":"iglesia-mexicana-expresa-preocupacion-por-salud-mental-de-sacerdotes","status":"publish","type":"post","link":"https:\/\/elinformante.mx\/?p=88133","title":{"rendered":"Iglesia mexicana expresa preocupaci\u00f3n por salud mental de sacerdotes"},"content":{"rendered":"\n<figure class=\"wp-block-pullquote\"><blockquote><p>Y se\u00f1al\u00f3 en su editorial que no se debe olvidar que los sacerdotes tambi\u00e9n son humanos.<\/p><\/blockquote><\/figure>\n\n\n\n<p class=\"has-drop-cap\">Tras darse a conocer el suicidio del padre Matteo Balzano, en Italia, la Iglesia cat\u00f3lica se ha manifestado preocupada por la salud mental de los sacerdotes; muchas arquidiocesis se\u00f1alan que hablar de ello no es un tab\u00fa, sino una necesidad pastoral, y han exhortado a que cuiden su formaci\u00f3n intelectual y velar por su bienestar espiritual, emocional y psicol\u00f3gica.<br><\/p>\n\n\n\n<p>La iglesia en M\u00e9xico se\u00f1al\u00f3 que los sacerdotes tambi\u00e9n son humanos. Tambi\u00e9n se cansan. Tambi\u00e9n se angustian. Tambi\u00e9n pueden deprimirse. Y s\u00ed, tambi\u00e9n pueden perder la esperanza.<br><\/p>\n\n\n\n<p>Y afirmaron que este tema no es f\u00e1cil de abordar. Pero es de suma importancia, ya que la salud mental de los sacerdotes sigue siendo un terreno poco explorado, muchas veces envuelto en silencios, autoexigencias y soledad, dijo.<br><\/p>\n\n\n\n<p>Record\u00f3 que uno de los primeros mensajes del Papa Le\u00f3n XIV ha mencionado que es de suma importancia la vida espiritual del sacerdote, por eso exhortan a que busquen un buen acompa\u00f1ante, un director espiritual, un buen confesor.<br><\/p>\n\n\n\n<p>Destac\u00f3 que la comunidad tambi\u00e9n est\u00e1 llamada a mirar a sus sacerdotes con ternura, a no tratarlos como funcionarios ni superhombres. Pidi\u00f3 que se tomen el tiempo de preguntarles c\u00f3mo est\u00e1n; adem\u00e1s de ofrecerles una conversaci\u00f3n. \u201cPorque un sacerdote sin v\u00ednculos reales y sin afectos sanos corre el riesgo de ahogarse en el aislamiento\u201d.<br><\/p>\n\n\n\n<p>Y se\u00f1alaron que es de suma importancia fortalecer una cultura de fraternidad y apoyo mutuo, donde los sacerdotes se animen a hablar entre ellos, a no disimular el cansancio, a buscar ayuda sin temor al juicio o la incomprensi\u00f3n.<br><\/p>\n\n\n\n<p>\u201cCuidar la salud f\u00edsica, dormir bien, hacer ejercicio, tomarse descansos, acudir al m\u00e9dico, todo eso tambi\u00e9n forma parte de la espiritualidad. Tambi\u00e9n es parte del ministerio y expresa fidelidad a la vocaci\u00f3n recibida\u201d, indic\u00f3.<br><\/p>\n\n\n\n<p>Enfatiz\u00f3 que cada di\u00f3cesis, incluida la Arquidi\u00f3cesis de M\u00e9xico, cuenta con personal, instancias y estructuras dedicadas al cuidado de los sacerdotes, sin embargo, estas no pueden sustituir la responsabilidad personal de cada presb\u00edtero en el autocuidado.<\/p>\n","protected":false},"excerpt":{"rendered":"<p>Y se\u00f1al\u00f3 en su editorial que no se debe olvidar que los sacerdotes tambi\u00e9n son humanos. Tras darse a conocer el suicidio del padre Matteo Balzano, en Italia, la Iglesia cat\u00f3lica se ha manifestado preocupada por la salud mental de los sacerdotes; muchas arquidiocesis se\u00f1alan que hablar de ello no es un tab\u00fa, sino una [&hellip;]<\/p>\n","protected":false},"author":1,"featured_media":88134,"comment_status":"closed","ping_status":"closed","sticky":false,"template":"","format":"standard","meta":{"footnotes":""},"categories":[30,34,31],"tags":[],"class_list":["post-88133","post","type-post","status-publish","format-standard","has-post-thumbnail","hentry","category-destacado","category-nacional","category-portada"],"_links":{"self":[{"href":"https:\/\/elinformante.mx\/index.php?rest_route=\/wp\/v2\/posts\/88133","targetHints":{"allow":["GET"]}}],"collection":[{"href":"https:\/\/elinformante.mx\/index.php?rest_route=\/wp\/v2\/posts"}],"about":[{"href":"https:\/\/elinformante.mx\/index.php?rest_route=\/wp\/v2\/types\/post"}],"author":[{"embeddable":true,"href":"https:\/\/elinformante.mx\/index.php?rest_route=\/wp\/v2\/users\/1"}],"replies":[{"embeddable":true,"href":"https:\/\/elinformante.mx\/index.php?rest_route=%2Fwp%2Fv2%2Fcomments&post=88133"}],"version-history":[{"count":0,"href":"https:\/\/elinformante.mx\/index.php?rest_route=\/wp\/v2\/posts\/88133\/revisions"}],"wp:featuredmedia":[{"embeddable":true,"href":"https:\/\/elinformante.mx\/index.php?rest_route=\/wp\/v2\/media\/88134"}],"wp:attachment":[{"href":"https:\/\/elinformante.mx\/index.php?rest_route=%2Fwp%2Fv2%2Fmedia&parent=88133"}],"wp:term":[{"taxonomy":"category","embeddable":true,"href":"https:\/\/elinformante.mx\/index.php?rest_route=%2Fwp%2Fv2%2Fcategories&post=88133"},{"taxonomy":"post_tag","embeddable":true,"href":"https:\/\/elinformante.mx\/index.php?rest_route=%2Fwp%2Fv2%2Ftags&post=88133"}],"curies":[{"name":"wp","href":"https:\/\/api.w.org\/{rel}","templated":true}]}}