{"id":88181,"date":"2025-07-15T06:02:37","date_gmt":"2025-07-15T12:02:37","guid":{"rendered":"https:\/\/elinformante.mx\/?p=88181"},"modified":"2025-07-25T13:36:02","modified_gmt":"2025-07-25T19:36:02","slug":"en-naucalpan-creemos-en-el-poder-transformador-de-la-educacion-isaac-montoya","status":"publish","type":"post","link":"https:\/\/elinformante.mx\/?p=88181","title":{"rendered":"En Naucalpan creemos en el poder transformador de la educaci\u00f3n: Isaac Montoya"},"content":{"rendered":"\n<figure class=\"wp-block-pullquote\"><blockquote><p>Esta estrategia \u201cEl Poder de Alfabetizar\u201d tiene el objetivo de ense\u00f1ar a leer y escribir al menos a 150 mil personas.<\/p><\/blockquote><\/figure>\n\n\n\n<p class=\"has-drop-cap\">En el municipio de Naucalpan, el presidente municipal Isaac Montoya M\u00e1rquez particip\u00f3 en la Primera Reuni\u00f3n de Balance de la estrategia \u201cEl Poder de Alfabetizar\u201d, la cual es impulsada por el Gobierno encabezado por la presidenta Claudia Sheinbaum Pardo, y la gobernadora Delfina G\u00f3mez.<br><\/p>\n\n\n\n<p>Esta estrategia \u201cEl Poder de Alfabetizar\u201d tiene el objetivo de ense\u00f1ar a leer y escribir al menos a 150 mil personas en nuestra entidad.<br><\/p>\n\n\n\n<p>Montoya refrend\u00f3 el compromiso adquirido con esta causa justa, y se\u00f1al\u00f3 que en Naucalpan se est\u00e1 convencido de que la alfabetizaci\u00f3n es el primer paso hacia una sociedad m\u00e1s cr\u00edtica, m\u00e1s libre y m\u00e1s humanista.<br><\/p>\n\n\n\n<p>Adem\u00e1s se\u00f1al\u00f3 que en el municipio se van a sumar todos los esfuerzos desde el territorio, con los tres niveles de gobierno, para que ninguna persona se quede atr\u00e1s en el acceso a la educaci\u00f3n.<br><\/p>\n\n\n\n<figure class=\"wp-block-image size-large\"><img fetchpriority=\"high\" decoding=\"async\" width=\"1024\" height=\"506\" src=\"https:\/\/elinformante.mx\/wp-content\/uploads\/2025\/07\/11naucalpan-2-1024x506.jpg\" alt=\"\" class=\"wp-image-88183\" srcset=\"https:\/\/elinformante.mx\/wp-content\/uploads\/2025\/07\/11naucalpan-2-1024x506.jpg 1024w, https:\/\/elinformante.mx\/wp-content\/uploads\/2025\/07\/11naucalpan-2-300x148.jpg 300w, https:\/\/elinformante.mx\/wp-content\/uploads\/2025\/07\/11naucalpan-2-768x379.jpg 768w, https:\/\/elinformante.mx\/wp-content\/uploads\/2025\/07\/11naucalpan-2.jpg 1140w\" sizes=\"(max-width: 1024px) 100vw, 1024px\" \/><\/figure>\n\n\n\n<p>En este encuentro participaron y acompa\u00f1aron a Isaac Montoya, el secretario de Educaci\u00f3n del Estado de M\u00e9xico, Miguel \u00c1ngel Hern\u00e1ndez Espejel, Armando Contreras Castillo, director general del INEA; Juan Carlos Santiago Pimentel, titular de la Unidad de Operaci\u00f3n del INEA en el Edom\u00e9x.<br><\/p>\n\n\n\n<p>Tambi\u00e9n estuvieron autoridades educativas estatales y federales como Jenaro Mart\u00ednez Reyes, Ricardo L\u00f3pez Avenda\u00f1o, V\u00edctor S\u00e1nchez Gonz\u00e1lez, Carlos Salgado Trevi\u00f1o, Carlos Ch\u00e1vez Covarrubias y Rafael Andrade Esparza, adem\u00e1s de presidentas y presidentes municipales, representantes sindicales y estructuras educativas de toda la entidad, quienes comparten esta visi\u00f3n de transformaci\u00f3n profunda a trav\u00e9s del conocimiento.<br><\/p>\n\n\n\n<p>Y se\u00f1al\u00f3 que el saber leer y escribir es tambi\u00e9n una forma de ejercer nuestros derechos y avanzar hacia una verdadera justicia social.<br><\/p>\n\n\n\n<p>Los resultados en materia de seguridad durante el primer trimestre del gobierno encabezado por el alcalde Isaac Montoya M\u00e1rquez, permitieron que Naucalpan saliera del top 10 de municipios con mayor percepci\u00f3n de inseguridad a nivel nacional, de acuerdo a la \u00faltima Encuesta Nacional de Seguridad P\u00fablica Urbana (ENSU). El municipio pas\u00f3 del segundo al doceavo lugar.<\/p>\n","protected":false},"excerpt":{"rendered":"<p>Esta estrategia \u201cEl Poder de Alfabetizar\u201d tiene el objetivo de ense\u00f1ar a leer y escribir al menos a 150 mil personas. En el municipio de Naucalpan, el presidente municipal Isaac Montoya M\u00e1rquez particip\u00f3 en la Primera Reuni\u00f3n de Balance de la estrategia \u201cEl Poder de Alfabetizar\u201d, la cual es impulsada por el Gobierno encabezado por [&hellip;]<\/p>\n","protected":false},"author":1,"featured_media":88182,"comment_status":"closed","ping_status":"closed","sticky":false,"template":"","format":"standard","meta":{"footnotes":""},"categories":[36],"tags":[],"class_list":["post-88181","post","type-post","status-publish","format-standard","has-post-thumbnail","hentry","category-edomex"],"_links":{"self":[{"href":"https:\/\/elinformante.mx\/index.php?rest_route=\/wp\/v2\/posts\/88181","targetHints":{"allow":["GET"]}}],"collection":[{"href":"https:\/\/elinformante.mx\/index.php?rest_route=\/wp\/v2\/posts"}],"about":[{"href":"https:\/\/elinformante.mx\/index.php?rest_route=\/wp\/v2\/types\/post"}],"author":[{"embeddable":true,"href":"https:\/\/elinformante.mx\/index.php?rest_route=\/wp\/v2\/users\/1"}],"replies":[{"embeddable":true,"href":"https:\/\/elinformante.mx\/index.php?rest_route=%2Fwp%2Fv2%2Fcomments&post=88181"}],"version-history":[{"count":0,"href":"https:\/\/elinformante.mx\/index.php?rest_route=\/wp\/v2\/posts\/88181\/revisions"}],"wp:featuredmedia":[{"embeddable":true,"href":"https:\/\/elinformante.mx\/index.php?rest_route=\/wp\/v2\/media\/88182"}],"wp:attachment":[{"href":"https:\/\/elinformante.mx\/index.php?rest_route=%2Fwp%2Fv2%2Fmedia&parent=88181"}],"wp:term":[{"taxonomy":"category","embeddable":true,"href":"https:\/\/elinformante.mx\/index.php?rest_route=%2Fwp%2Fv2%2Fcategories&post=88181"},{"taxonomy":"post_tag","embeddable":true,"href":"https:\/\/elinformante.mx\/index.php?rest_route=%2Fwp%2Fv2%2Ftags&post=88181"}],"curies":[{"name":"wp","href":"https:\/\/api.w.org\/{rel}","templated":true}]}}