{"id":88195,"date":"2025-07-15T06:20:58","date_gmt":"2025-07-15T12:20:58","guid":{"rendered":"https:\/\/elinformante.mx\/?p=88195"},"modified":"2025-07-25T13:35:55","modified_gmt":"2025-07-25T19:35:55","slug":"disminuyo-en-valle-de-chalco-50-homicidio-doloso","status":"publish","type":"post","link":"https:\/\/elinformante.mx\/?p=88195","title":{"rendered":"Disminuy\u00f3 en Valle de Chalco 50% homicidio doloso"},"content":{"rendered":"\n<figure class=\"wp-block-pullquote\"><blockquote><p>-Esta baja es resultado del trabajo coordinado y de la estrategia de seguridad impulsada por el Gobierno del Estado de M\u00e9xico.<\/p><\/blockquote><\/figure>\n\n\n\n<p class=\"has-drop-cap\">En la Mesa de Coordinaci\u00f3n para la Construcci\u00f3n de la Paz, encabezada por la Gobernadora Delfina G\u00f3mez \u00c1lvarez, se dieron a conocer avances en materia de seguridad para el municipio de Valle de Chalco, donde el homicidio doloso registr\u00f3 una reducci\u00f3n del 50% y 2% en la incidencia de delitos de alto impacto.<br><\/p>\n\n\n\n<p>\u201cHoy en Valle de Chalco realizamos la Mesa de Coordinaci\u00f3n para la Construcci\u00f3n de la Paz en las instalaciones de la Guardia Nacional. En esta reuni\u00f3n, la Fiscal\u00eda del Edom\u00e9x destac\u00f3 la reducci\u00f3n de 50% en el delito de homicidio doloso en este municipio en lo que va del a\u00f1o y en comparaci\u00f3n al 2024\u201d, se\u00f1al\u00f3 la Gobernadora Delfina G\u00f3mez \u00c1lvarez en redes sociales.<br><\/p>\n\n\n\n<p>En la sesi\u00f3n realizada en este municipio, la Fiscal\u00eda General de Justicia del Estado de M\u00e9xico (FGJEM) dio a conocer ambos indicadores que reflejan los efectos de operativos conjuntos, presencia territorial reforzada y acciones espec\u00edficas en zonas de mayor incidencia delictiva.<br><\/p>\n\n\n\n<p>La Mesa de Coordinaci\u00f3n para la Construcci\u00f3n de la Paz sesiona diariamente y de manera itinerante en todos los municipios de la entidad para evaluar indicadores, ajustar estrategias y reforzar la colaboraci\u00f3n entre autoridades federales, estatales y municipales. \u201cCon acciones coordinadas, trabajamos para la paz y la seguridad de las y los mexiquenses\u201d, puntualiz\u00f3 la Gobernadora Delfina G\u00f3mez \u00c1lvarez.<\/p>\n","protected":false},"excerpt":{"rendered":"<p>-Esta baja es resultado del trabajo coordinado y de la estrategia de seguridad impulsada por el Gobierno del Estado de M\u00e9xico. En la Mesa de Coordinaci\u00f3n para la Construcci\u00f3n de la Paz, encabezada por la Gobernadora Delfina G\u00f3mez \u00c1lvarez, se dieron a conocer avances en materia de seguridad para el municipio de Valle de Chalco, [&hellip;]<\/p>\n","protected":false},"author":1,"featured_media":88196,"comment_status":"closed","ping_status":"closed","sticky":false,"template":"","format":"standard","meta":{"footnotes":""},"categories":[36],"tags":[],"class_list":["post-88195","post","type-post","status-publish","format-standard","has-post-thumbnail","hentry","category-edomex"],"_links":{"self":[{"href":"https:\/\/elinformante.mx\/index.php?rest_route=\/wp\/v2\/posts\/88195","targetHints":{"allow":["GET"]}}],"collection":[{"href":"https:\/\/elinformante.mx\/index.php?rest_route=\/wp\/v2\/posts"}],"about":[{"href":"https:\/\/elinformante.mx\/index.php?rest_route=\/wp\/v2\/types\/post"}],"author":[{"embeddable":true,"href":"https:\/\/elinformante.mx\/index.php?rest_route=\/wp\/v2\/users\/1"}],"replies":[{"embeddable":true,"href":"https:\/\/elinformante.mx\/index.php?rest_route=%2Fwp%2Fv2%2Fcomments&post=88195"}],"version-history":[{"count":0,"href":"https:\/\/elinformante.mx\/index.php?rest_route=\/wp\/v2\/posts\/88195\/revisions"}],"wp:featuredmedia":[{"embeddable":true,"href":"https:\/\/elinformante.mx\/index.php?rest_route=\/wp\/v2\/media\/88196"}],"wp:attachment":[{"href":"https:\/\/elinformante.mx\/index.php?rest_route=%2Fwp%2Fv2%2Fmedia&parent=88195"}],"wp:term":[{"taxonomy":"category","embeddable":true,"href":"https:\/\/elinformante.mx\/index.php?rest_route=%2Fwp%2Fv2%2Fcategories&post=88195"},{"taxonomy":"post_tag","embeddable":true,"href":"https:\/\/elinformante.mx\/index.php?rest_route=%2Fwp%2Fv2%2Ftags&post=88195"}],"curies":[{"name":"wp","href":"https:\/\/api.w.org\/{rel}","templated":true}]}}