{"id":88201,"date":"2025-07-15T06:29:35","date_gmt":"2025-07-15T12:29:35","guid":{"rendered":"https:\/\/elinformante.mx\/?p=88201"},"modified":"2025-07-25T13:35:52","modified_gmt":"2025-07-25T19:35:52","slug":"delfina-gomez-pone-en-marcha-programa-sistemas-de-captacion-de-agua-pluvial","status":"publish","type":"post","link":"https:\/\/elinformante.mx\/?p=88201","title":{"rendered":"Delfina G\u00f3mez pone en marcha programa \u201cSistemas de Captaci\u00f3n de Agua Pluvial\u201d"},"content":{"rendered":"\n<figure class=\"wp-block-pullquote\"><blockquote><p>-El programa dota de agua a m\u00e1s de 46 mil 300 mexiquenses en comunidades sin infraestructura h\u00eddrica, con la instalaci\u00f3n de 156 sistemas de captaci\u00f3n.<\/p><\/blockquote><\/figure>\n\n\n\n<p class=\"has-drop-cap\">La Gobernadora Delfina G\u00f3mez \u00c1lvarez puso en marcha el Programa \u201cSistemas de Captaci\u00f3n de Agua Pluvial\u201d, con la instalaci\u00f3n de 156 puntos de abastecimiento en comunidades, escuelas, hospitales y centros de salud, beneficiando a m\u00e1s de 46 mil 300 mexiquenses en 28 municipios hist\u00f3ricamente marginados por la falta de infraestructura h\u00eddrica.<br><\/p>\n\n\n\n<p>\u201cA trav\u00e9s del Sistema de Captaci\u00f3n de Agua Pluvial se mejorar\u00e1n las condiciones de vida, no solamente de escuelas, tambi\u00e9n de hospitales, y viviendas considerando a 28 municipios de la entidad, impulsando una cultura del agua m\u00e1s consciente y participativa\u201d, expres\u00f3 la Gobernadora Delfina G\u00f3mez \u00c1lvarez.<br><\/p>\n\n\n\n<p>Desde la Escuela Primaria General Ignacio Zaragoza, en el municipio de Ecatzingo, la Mandataria estatal explic\u00f3 que se instalar\u00e1n 97 Sistemas de Captaci\u00f3n de Agua pluvial para abastecer el vital l\u00edquido a las familias de Amanalco y Villa de Allende.<br><\/p>\n\n\n\n<figure class=\"wp-block-image size-large\"><img fetchpriority=\"high\" decoding=\"async\" width=\"1024\" height=\"506\" src=\"https:\/\/elinformante.mx\/wp-content\/uploads\/2025\/07\/7delfina-2-4-1024x506.jpg\" alt=\"\" class=\"wp-image-88203\" srcset=\"https:\/\/elinformante.mx\/wp-content\/uploads\/2025\/07\/7delfina-2-4-1024x506.jpg 1024w, https:\/\/elinformante.mx\/wp-content\/uploads\/2025\/07\/7delfina-2-4-300x148.jpg 300w, https:\/\/elinformante.mx\/wp-content\/uploads\/2025\/07\/7delfina-2-4-768x379.jpg 768w, https:\/\/elinformante.mx\/wp-content\/uploads\/2025\/07\/7delfina-2-4.jpg 1140w\" sizes=\"(max-width: 1024px) 100vw, 1024px\" \/><\/figure>\n\n\n\n<p>Este compromiso para garantizar el derecho humano al agua y avanzar hacia una justicia social abarca al sector salud y educativo.<br><\/p>\n\n\n\n<p>\u201cAs\u00ed como en hospitales y centros de salud de los municipios de Acolman, Atlacomulco, El Oro, Luvianos, Nezahualc\u00f3yotl, Nicol\u00e1s Romero, entre otros, se van a instalar 13 sistemas que van a permitir que cuatro mil 308 pacientes mexiquenses no sufran de este vital l\u00edquido. Junto con ello, tenemos a nuestros niveles educativos en donde se van a instalar 46 sistemas en 19 municipios, puntualiz\u00f3 la Gobernadora Delfina G\u00f3mez \u00c1lvarez.<br><\/p>\n\n\n\n<p>La Mandataria estatal destac\u00f3 que este esfuerzo se lleva a cabo gracias a la coordinaci\u00f3n entre los tres \u00f3rdenes de Gobierno y una administraci\u00f3n estatal que prioriza el bienestar social y ambiental.<br><\/p>\n\n\n\n<figure class=\"wp-block-image size-large\"><img decoding=\"async\" width=\"1024\" height=\"506\" src=\"https:\/\/elinformante.mx\/wp-content\/uploads\/2025\/07\/7delfina-3-1-1024x506.jpg\" alt=\"\" class=\"wp-image-88204\" srcset=\"https:\/\/elinformante.mx\/wp-content\/uploads\/2025\/07\/7delfina-3-1-1024x506.jpg 1024w, https:\/\/elinformante.mx\/wp-content\/uploads\/2025\/07\/7delfina-3-1-300x148.jpg 300w, https:\/\/elinformante.mx\/wp-content\/uploads\/2025\/07\/7delfina-3-1-768x379.jpg 768w, https:\/\/elinformante.mx\/wp-content\/uploads\/2025\/07\/7delfina-3-1.jpg 1140w\" sizes=\"(max-width: 1024px) 100vw, 1024px\" \/><\/figure>\n\n\n\n<p>\u201cVamos a trabajar, yo deseo de todo coraz\u00f3n que este proyecto, que nos presenta Secretaria del Agua y CAEM, efectivamente tenga el resultado que esperamos que es asegurar el agua para nuestras futuras generaciones, los adultos tenemos una gran responsabilidad, dejar a estos peque\u00f1itos un ambiente m\u00e1s agradable\u201d, se\u00f1al\u00f3 la Gobernadora Delfina G\u00f3mez \u00c1lvarez.<br><\/p>\n\n\n\n<p>Beatriz Garc\u00eda Villegas, Vocal Ejecutiva de la Comisi\u00f3n del Agua del Estado de M\u00e9xico (CAEM), inform\u00f3 que el cambio clim\u00e1tico ha generado sequ\u00eda en siete de cada diez municipios a nivel nacional y que aproximadamente el 23 por ciento de los cuerpos de agua presentan contaminaci\u00f3n, lo que limita su uso.<br><\/p>\n\n\n\n<p>Se\u00f1al\u00f3 que de acuerdo con el Consejo Consultivo del Agua el 78 por ciento se utiliza para fines agropecuarios, de 653 acu\u00edferos, 106 est\u00e1n sobre explotados, ante esto la captaci\u00f3n de agua de lluvia es una alternativa ecol\u00f3gica y amigable.<\/p>\n","protected":false},"excerpt":{"rendered":"<p>-El programa dota de agua a m\u00e1s de 46 mil 300 mexiquenses en comunidades sin infraestructura h\u00eddrica, con la instalaci\u00f3n de 156 sistemas de captaci\u00f3n. La Gobernadora Delfina G\u00f3mez \u00c1lvarez puso en marcha el Programa \u201cSistemas de Captaci\u00f3n de Agua Pluvial\u201d, con la instalaci\u00f3n de 156 puntos de abastecimiento en comunidades, escuelas, hospitales y centros [&hellip;]<\/p>\n","protected":false},"author":1,"featured_media":88202,"comment_status":"closed","ping_status":"closed","sticky":false,"template":"","format":"standard","meta":{"footnotes":""},"categories":[30,36,31],"tags":[],"class_list":["post-88201","post","type-post","status-publish","format-standard","has-post-thumbnail","hentry","category-destacado","category-edomex","category-portada"],"_links":{"self":[{"href":"https:\/\/elinformante.mx\/index.php?rest_route=\/wp\/v2\/posts\/88201","targetHints":{"allow":["GET"]}}],"collection":[{"href":"https:\/\/elinformante.mx\/index.php?rest_route=\/wp\/v2\/posts"}],"about":[{"href":"https:\/\/elinformante.mx\/index.php?rest_route=\/wp\/v2\/types\/post"}],"author":[{"embeddable":true,"href":"https:\/\/elinformante.mx\/index.php?rest_route=\/wp\/v2\/users\/1"}],"replies":[{"embeddable":true,"href":"https:\/\/elinformante.mx\/index.php?rest_route=%2Fwp%2Fv2%2Fcomments&post=88201"}],"version-history":[{"count":0,"href":"https:\/\/elinformante.mx\/index.php?rest_route=\/wp\/v2\/posts\/88201\/revisions"}],"wp:featuredmedia":[{"embeddable":true,"href":"https:\/\/elinformante.mx\/index.php?rest_route=\/wp\/v2\/media\/88202"}],"wp:attachment":[{"href":"https:\/\/elinformante.mx\/index.php?rest_route=%2Fwp%2Fv2%2Fmedia&parent=88201"}],"wp:term":[{"taxonomy":"category","embeddable":true,"href":"https:\/\/elinformante.mx\/index.php?rest_route=%2Fwp%2Fv2%2Fcategories&post=88201"},{"taxonomy":"post_tag","embeddable":true,"href":"https:\/\/elinformante.mx\/index.php?rest_route=%2Fwp%2Fv2%2Ftags&post=88201"}],"curies":[{"name":"wp","href":"https:\/\/api.w.org\/{rel}","templated":true}]}}