{"id":88206,"date":"2025-07-15T06:34:33","date_gmt":"2025-07-15T12:34:33","guid":{"rendered":"https:\/\/elinformante.mx\/?p=88206"},"modified":"2025-07-25T13:35:49","modified_gmt":"2025-07-25T19:35:49","slug":"todo-listo-para-elegir-rectora-de-la-uaemex","status":"publish","type":"post","link":"https:\/\/elinformante.mx\/?p=88206","title":{"rendered":"Todo listo para elegir Rectora de la UAEM\u00e9x"},"content":{"rendered":"\n<figure class=\"wp-block-pullquote\"><blockquote><p>Invitan a la comunidad universitaria a votar, de manera presencial o electr\u00f3nica.<\/p><\/blockquote><\/figure>\n\n\n\n<p class=\"has-drop-cap\">Todo est\u00e1 listo para que se lleve a cabo tanto los planteles de las Escuelas Preparatorias, as\u00ed como los Centros Universitarios y Unidades Acad\u00e9micas Profesionales la votaci\u00f3n para elegir a la pr\u00f3xima rectora.<br><\/p>\n\n\n\n<p>Y para garantizar un esquema de transparencia y de protecci\u00f3n de datos personales, en este proceso de Elecci\u00f3n a la Rector\u00eda para el Periodo Ordinario 2025-2029 de la Universidad Aut\u00f3noma del Estado de M\u00e9xico (UAEM\u00e9x), cada espacio universitario informar\u00e1 a la Comisi\u00f3n Especial Electoral la forma de votaci\u00f3n que ejercer\u00e1 cada sector, la cual puede ser f\u00edsica o electr\u00f3nica.<br><\/p>\n\n\n\n<p>Ser\u00e1 este 15 de julio a partir de las 9:00 y hasta las 18:00 horas que se llevar\u00e1 a cabo la Jornada de Votaci\u00f3n, la jornada ser\u00e1 vigilada por la Comisi\u00f3n Especial Electoral en coordinaci\u00f3n con los Comit\u00e9s Electorales Internos. Todos los aspirantes podr\u00e1n asignar a una persona observadora por sede de votaci\u00f3n, con previo registro ante dicha comisi\u00f3n.<br><\/p>\n\n\n\n<p>Informaron que para votar de manera electr\u00f3nica se habilitar\u00e1 el sistema electr\u00f3nico: votacion.uaemex.mx; adem\u00e1s se podr\u00e1 participar con el correo electr\u00f3nico institucional, sin que esto represente que se vulneren los datos personales de quienes participan.<br><\/p>\n\n\n\n<figure class=\"wp-block-image size-large\"><img fetchpriority=\"high\" decoding=\"async\" width=\"1024\" height=\"506\" src=\"https:\/\/elinformante.mx\/wp-content\/uploads\/2025\/07\/8uaemex-2-1024x506.jpg\" alt=\"\" class=\"wp-image-88208\" srcset=\"https:\/\/elinformante.mx\/wp-content\/uploads\/2025\/07\/8uaemex-2-1024x506.jpg 1024w, https:\/\/elinformante.mx\/wp-content\/uploads\/2025\/07\/8uaemex-2-300x148.jpg 300w, https:\/\/elinformante.mx\/wp-content\/uploads\/2025\/07\/8uaemex-2-768x379.jpg 768w, https:\/\/elinformante.mx\/wp-content\/uploads\/2025\/07\/8uaemex-2.jpg 1140w\" sizes=\"(max-width: 1024px) 100vw, 1024px\" \/><\/figure>\n\n\n\n<p>La Comisi\u00f3n Especial Electoral facultar\u00e1 a una persona representante del Comit\u00e9 Electoral Interno correspondiente, como observador del registro de los votos.<br><\/p>\n\n\n\n<p>Mientras que de manera f\u00edsica todos los votantes podr\u00e1n asistir a las sedes de votaci\u00f3n, solo tendr\u00e1n que presentar su n\u00famero de cuenta o n\u00famero de empleado y mostrar una identificaci\u00f3n oficial (credencial UAEM\u00e9x f\u00edsica o electr\u00f3nica, INE, licencia de conducir o pasaporte).<br><\/p>\n\n\n\n<p>Las sedes de votaci\u00f3n estar\u00e1n dispuestos para los distintos espacios universitarios y se ubicar\u00e1n en:<br><\/p>\n\n\n\n<p>Escuela Normal de Educaci\u00f3n F\u00edsica (ENEF): Facultad de Econom\u00eda, Facultad de Ingenier\u00eda, Facultad de Arquitectura y Dise\u00f1o, Facultad de Turismo y Gastronom\u00eda, Facultad de Humanidades, Facultad de Derecho, Facultad de Contadur\u00eda y Administraci\u00f3n, Facultad de Artes, Facultad de Ciencias Pol\u00edticas y Sociales, Facultad de Geograf\u00eda, Facultad de Ciencias, Facultad de Ciencias Agr\u00edcolas, Facultad de Medicina Veterinaria y Zootecnia, Escuela de Artes Esc\u00e9nicas, -Instituto en Ciencias Agropecuarias y Rurales, Instituto Interamericano de Tecnolog\u00eda y Ciencias del Agua e Instituto de Estudios sobre la Universidad.<br><\/p>\n\n\n\n<p>Mientras que en la sede del Teatro Morelos: Facultad de Antropolog\u00eda, Facultad de Enfermer\u00eda, Facultad de Lenguas, Facultad de Medicina, Facultad de Odontolog\u00eda, Facultad de Planeaci\u00f3n Urbana y Regional, Facultad de Qu\u00edmica, Facultad de Ciencias de la Conducta, UAP Tianguistenco, Secretar\u00edas y Direcciones, Edificio Hist\u00f3rico de Rector\u00eda, Edificio UAEMITAS, Edificio Administrativo, Educaci\u00f3n Continua y Digital, CILC Pino Su\u00e1rez, DIDEPA, CELe, UAP Ixtapan de la Sal, Plantel Tec\u00e1mac y Centros de Investigaci\u00f3n<br><\/p>\n\n\n\n<figure class=\"wp-block-image size-large\"><img decoding=\"async\" width=\"1024\" height=\"506\" src=\"https:\/\/elinformante.mx\/wp-content\/uploads\/2025\/07\/8uaemex-3-1024x506.jpeg\" alt=\"\" class=\"wp-image-88209\" srcset=\"https:\/\/elinformante.mx\/wp-content\/uploads\/2025\/07\/8uaemex-3-1024x506.jpeg 1024w, https:\/\/elinformante.mx\/wp-content\/uploads\/2025\/07\/8uaemex-3-300x148.jpeg 300w, https:\/\/elinformante.mx\/wp-content\/uploads\/2025\/07\/8uaemex-3-768x379.jpeg 768w, https:\/\/elinformante.mx\/wp-content\/uploads\/2025\/07\/8uaemex-3.jpeg 1140w\" sizes=\"(max-width: 1024px) 100vw, 1024px\" \/><\/figure>\n\n\n\n<p>Cabe se\u00f1alar que los planteles de la Escuela Preparatoria llevar\u00e1n a cabo su votaci\u00f3n en cada uno de sus espacios. Mientras que los Centros Universitarios y las Unidades Acad\u00e9micas Profesionales determinar\u00e1n la sede para su votaci\u00f3n f\u00edsica.<br><\/p>\n\n\n\n<p>Recordar que podr\u00e1n votar el estudiantado inscrito en el periodo 2025A de todos los organismos acad\u00e9micos: (escuela, facultades, institutos, centros universitarios, unidades acad\u00e9micas profesionales y planteles de la Escuela Preparatoria).<br><\/p>\n\n\n\n<p>Adem\u00e1s del personal acad\u00e9mico: profesores de asignatura, t\u00e9cnico acad\u00e9mico, medio tiempo y tiempo completo.<br><\/p>\n\n\n\n<p>Junto con el personal administrativo: sindicalizado y de confianza de todos los organismos acad\u00e9micos (escuela, facultades, institutos, centros universitarios, unidades acad\u00e9micas profesionales y planteles de la Escuela Preparatoria) y Administraci\u00f3n Central.<br><\/p>\n\n\n\n<p>La Aut\u00f3noma mexiquense reitera a su comunidad universitaria a seguir formando parte de este hecho hist\u00f3rico que fortalece la participaci\u00f3n y la democracia de esta casa de estudios a trav\u00e9s de su voto.<\/p>\n\n\n\n<figure class=\"wp-block-image size-large\"><img decoding=\"async\" width=\"1024\" height=\"506\" src=\"https:\/\/elinformante.mx\/wp-content\/uploads\/2025\/07\/8uaemex-4-1024x506.jpg\" alt=\"\" class=\"wp-image-88210\" srcset=\"https:\/\/elinformante.mx\/wp-content\/uploads\/2025\/07\/8uaemex-4-1024x506.jpg 1024w, https:\/\/elinformante.mx\/wp-content\/uploads\/2025\/07\/8uaemex-4-300x148.jpg 300w, https:\/\/elinformante.mx\/wp-content\/uploads\/2025\/07\/8uaemex-4-768x379.jpg 768w, https:\/\/elinformante.mx\/wp-content\/uploads\/2025\/07\/8uaemex-4.jpg 1140w\" sizes=\"(max-width: 1024px) 100vw, 1024px\" \/><\/figure>\n","protected":false},"excerpt":{"rendered":"<p>Invitan a la comunidad universitaria a votar, de manera presencial o electr\u00f3nica. Todo est\u00e1 listo para que se lleve a cabo tanto los planteles de las Escuelas Preparatorias, as\u00ed como los Centros Universitarios y Unidades Acad\u00e9micas Profesionales la votaci\u00f3n para elegir a la pr\u00f3xima rectora. Y para garantizar un esquema de transparencia y de protecci\u00f3n [&hellip;]<\/p>\n","protected":false},"author":1,"featured_media":88207,"comment_status":"closed","ping_status":"closed","sticky":false,"template":"","format":"standard","meta":{"footnotes":""},"categories":[30,36,31],"tags":[46],"class_list":["post-88206","post","type-post","status-publish","format-standard","has-post-thumbnail","hentry","category-destacado","category-edomex","category-portada","tag-portadaedomex"],"_links":{"self":[{"href":"https:\/\/elinformante.mx\/index.php?rest_route=\/wp\/v2\/posts\/88206","targetHints":{"allow":["GET"]}}],"collection":[{"href":"https:\/\/elinformante.mx\/index.php?rest_route=\/wp\/v2\/posts"}],"about":[{"href":"https:\/\/elinformante.mx\/index.php?rest_route=\/wp\/v2\/types\/post"}],"author":[{"embeddable":true,"href":"https:\/\/elinformante.mx\/index.php?rest_route=\/wp\/v2\/users\/1"}],"replies":[{"embeddable":true,"href":"https:\/\/elinformante.mx\/index.php?rest_route=%2Fwp%2Fv2%2Fcomments&post=88206"}],"version-history":[{"count":0,"href":"https:\/\/elinformante.mx\/index.php?rest_route=\/wp\/v2\/posts\/88206\/revisions"}],"wp:featuredmedia":[{"embeddable":true,"href":"https:\/\/elinformante.mx\/index.php?rest_route=\/wp\/v2\/media\/88207"}],"wp:attachment":[{"href":"https:\/\/elinformante.mx\/index.php?rest_route=%2Fwp%2Fv2%2Fmedia&parent=88206"}],"wp:term":[{"taxonomy":"category","embeddable":true,"href":"https:\/\/elinformante.mx\/index.php?rest_route=%2Fwp%2Fv2%2Fcategories&post=88206"},{"taxonomy":"post_tag","embeddable":true,"href":"https:\/\/elinformante.mx\/index.php?rest_route=%2Fwp%2Fv2%2Ftags&post=88206"}],"curies":[{"name":"wp","href":"https:\/\/api.w.org\/{rel}","templated":true}]}}