{"id":88229,"date":"2025-07-15T06:58:28","date_gmt":"2025-07-15T12:58:28","guid":{"rendered":"https:\/\/elinformante.mx\/?p=88229"},"modified":"2025-07-25T13:35:41","modified_gmt":"2025-07-25T19:35:41","slug":"entrega-mara-lezama-domo-escolar-en-xul-ha-tras-63-anos-de-abandono","status":"publish","type":"post","link":"https:\/\/elinformante.mx\/?p=88229","title":{"rendered":"Entrega Mara Lezama domo escolar en Xul-Ha tras 63 a\u00f1os de abandono"},"content":{"rendered":"\n<figure class=\"wp-block-pullquote\"><blockquote><p>-Pone fin al abandono de viejos gobiernos que dejaron a las escuelas sin infraestructura digna<\/p><\/blockquote><\/figure>\n\n\n\n<p class=\"has-drop-cap\">La gobernadora Mara Lezama Espinosa entreg\u00f3 la obra de construcci\u00f3n del domo de la escuela primaria Emiliano Zapata de esta localidad, luego de 63 a\u00f1os sin contar con un espacio digno donde las y los alumnos pudieran realizar sus actividades escolares. Con esta acci\u00f3n, se cierran brechas de desigualdad y se impulsa la prosperidad compartida.<br><\/p>\n\n\n\n<p>Acompa\u00f1ada por la presidenta honoraria del Sistema DIF Quintana Roo, Ver\u00f3nica Lezama Espinosa, la Gobernadora se\u00f1al\u00f3 que hoy cumple con el compromiso asumido en la Audiencia P\u00fablica \u201cLa Voz del Pueblo\u201d, donde se le solicit\u00f3 el domo para esta escuela con 63 a\u00f1os de fundada, que hab\u00eda sido olvidada por gobiernos anteriores.<br><\/p>\n\n\n\n<p>Indic\u00f3 que en beneficio de las y los 302 alumnos, as\u00ed como padres de familia y personal docente y administrativo, se invirtieron 3 millones 312 mil pesos en este nuevo espacio, porque cuando se combate la corrupci\u00f3n, el dinero alcanza para m\u00e1s y debe regresar al pueblo.<br><\/p>\n\n\n\n<p>Mara Lezama anunci\u00f3 tambi\u00e9n la construcci\u00f3n del domo en la telesecundaria L\u00e1zaro C\u00e1rdenas a solicitud de la alumna Itzayana Alvarado. \u201cEn este gobierno humanista con coraz\u00f3n feminista no queremos que nadie se quede atr\u00e1s y que la prosperidad sea compartida con bienestar social para todas y todos\u201d, dijo.<br><\/p>\n\n\n\n<p>Agradeci\u00f3 a las y los integrantes de la Contralor\u00eda Social, quienes son parte fundamental para que las obras se realicen de manera adecuada y los recursos se apliquen con transparencia.<br><\/p>\n\n\n\n<figure class=\"wp-block-image size-large\"><img fetchpriority=\"high\" decoding=\"async\" width=\"1024\" height=\"506\" src=\"https:\/\/elinformante.mx\/wp-content\/uploads\/2025\/07\/4mara-1024x506.jpeg\" alt=\"\" class=\"wp-image-88231\" srcset=\"https:\/\/elinformante.mx\/wp-content\/uploads\/2025\/07\/4mara-1024x506.jpeg 1024w, https:\/\/elinformante.mx\/wp-content\/uploads\/2025\/07\/4mara-300x148.jpeg 300w, https:\/\/elinformante.mx\/wp-content\/uploads\/2025\/07\/4mara-768x379.jpeg 768w, https:\/\/elinformante.mx\/wp-content\/uploads\/2025\/07\/4mara.jpeg 1140w\" sizes=\"(max-width: 1024px) 100vw, 1024px\" \/><\/figure>\n\n\n\n<p>La Gobernadora recalc\u00f3 que el nuevo domo no solo transforma el entorno escolar, sino que tambi\u00e9n abre la puerta a nuevas oportunidades para las ni\u00f1as, ni\u00f1os y familias de Xul-Ha, fomentando la sana convivencia y fortaleciendo el tejido social. Durante el evento, presenci\u00f3 el baile de fin de cursos de las y los alumnos de sexto grado.<br><\/p>\n\n\n\n<p>El titular de la Secretar\u00eda de Obras P\u00fablicas (SEOP), Jos\u00e9 Rafael Lara D\u00edaz, explic\u00f3 que esta obra se suma a los compromisos cumplidos por la Gobernadora, enmarcada en el Nuevo Acuerdo por el Bienestar y Desarrollo de Quintana Roo, con un enfoque centrado en la justicia social y el acceso igualitario a espacios educativos de calidad.<br><\/p>\n\n\n\n<p>Detall\u00f3 que ahora las y los alumnos de esta escuela primaria cuentan con un espacio digno, seguro y funcional para realizar actividades f\u00edsicas, recreativas y culturales, adem\u00e1s de convertirse en un punto de encuentro para eventos sociales en beneficio de toda la comunidad.<br><\/p>\n\n\n\n<p>Las palabras de bienvenida estuvieron a cargo de la presidenta municipal de Oth\u00f3n P. Blanco, Yensunni Mart\u00ednez Hern\u00e1ndez, y de la alumna de sexto grado, Melany Coral Acosta Torres, quien a nombre de sus compa\u00f1eros agradeci\u00f3 la construcci\u00f3n de este domo, que les permitir\u00e1 realizar sus actividades deportivas, culturales y c\u00edvicas sin padecer los rayos del sol o la lluvia.<br><\/p>\n\n\n\n<p>El plantel educativo fue fundado en agosto de 1962. Es una de las instituciones con m\u00e1s historia en la zona, y con este domo renovado se reconoce su trayectoria y se garantiza un mejor entorno para las nuevas generaciones.<\/p>\n","protected":false},"excerpt":{"rendered":"<p>-Pone fin al abandono de viejos gobiernos que dejaron a las escuelas sin infraestructura digna La gobernadora Mara Lezama Espinosa entreg\u00f3 la obra de construcci\u00f3n del domo de la escuela primaria Emiliano Zapata de esta localidad, luego de 63 a\u00f1os sin contar con un espacio digno donde las y los alumnos pudieran realizar sus actividades [&hellip;]<\/p>\n","protected":false},"author":1,"featured_media":88230,"comment_status":"closed","ping_status":"closed","sticky":false,"template":"","format":"standard","meta":{"footnotes":""},"categories":[30,34],"tags":[],"class_list":["post-88229","post","type-post","status-publish","format-standard","has-post-thumbnail","hentry","category-destacado","category-nacional"],"_links":{"self":[{"href":"https:\/\/elinformante.mx\/index.php?rest_route=\/wp\/v2\/posts\/88229","targetHints":{"allow":["GET"]}}],"collection":[{"href":"https:\/\/elinformante.mx\/index.php?rest_route=\/wp\/v2\/posts"}],"about":[{"href":"https:\/\/elinformante.mx\/index.php?rest_route=\/wp\/v2\/types\/post"}],"author":[{"embeddable":true,"href":"https:\/\/elinformante.mx\/index.php?rest_route=\/wp\/v2\/users\/1"}],"replies":[{"embeddable":true,"href":"https:\/\/elinformante.mx\/index.php?rest_route=%2Fwp%2Fv2%2Fcomments&post=88229"}],"version-history":[{"count":0,"href":"https:\/\/elinformante.mx\/index.php?rest_route=\/wp\/v2\/posts\/88229\/revisions"}],"wp:featuredmedia":[{"embeddable":true,"href":"https:\/\/elinformante.mx\/index.php?rest_route=\/wp\/v2\/media\/88230"}],"wp:attachment":[{"href":"https:\/\/elinformante.mx\/index.php?rest_route=%2Fwp%2Fv2%2Fmedia&parent=88229"}],"wp:term":[{"taxonomy":"category","embeddable":true,"href":"https:\/\/elinformante.mx\/index.php?rest_route=%2Fwp%2Fv2%2Fcategories&post=88229"},{"taxonomy":"post_tag","embeddable":true,"href":"https:\/\/elinformante.mx\/index.php?rest_route=%2Fwp%2Fv2%2Ftags&post=88229"}],"curies":[{"name":"wp","href":"https:\/\/api.w.org\/{rel}","templated":true}]}}