{"id":88239,"date":"2025-07-15T07:08:17","date_gmt":"2025-07-15T13:08:17","guid":{"rendered":"https:\/\/elinformante.mx\/?p=88239"},"modified":"2025-07-25T13:35:39","modified_gmt":"2025-07-25T19:35:39","slug":"damnificados-de-la-ia","status":"publish","type":"post","link":"https:\/\/elinformante.mx\/?p=88239","title":{"rendered":"DAMNIFICADOS DE LA IA"},"content":{"rendered":"\n<figure class=\"wp-block-pullquote\"><blockquote><p><strong>Por: Manuel Ajenjo<\/strong><\/p><\/blockquote><\/figure>\n\n\n\n<p class=\"has-drop-cap\">Antes de entrar en materia deseo emitir una queja porque la F\u00e1brica de Eventos Nacionales, produce acontecimientos con tal velocidad que en tan solo una semana borr\u00f3 del panorama noticioso y sac\u00f3 del radar jur\u00eddico el caso del expresidente Pe\u00f1a Nieto, ante el enojo de los que esper\u00e1bamos castigo para la corrupci\u00f3n rampante del Copet\u00f3n de Atlacomulco, y el regocijo del fiscal General de la Rep\u00fablica, refractario a cualquier esfuerzo: trabaja menos que los Reyes Magos que adem\u00e1s no existen.<br><\/p>\n\n\n\n<p>Dicho lo cual expresar\u00e9: El panorama de la creaci\u00f3n art\u00edstica y el entretenimiento ha experimentado una transformaci\u00f3n sin precedentes con la irrupci\u00f3n y el r\u00e1pido avance de la Inteligencia Artificial. Esta tecnolog\u00eda ha demostrado una capacidad asombrosa para producir contenido que abarca una amplia gama de formas creativas, desde im\u00e1genes y m\u00fasica, hasta voz, texto y video, a una velocidad y escala que antes eran inimaginables.<br><\/p>\n\n\n\n<p>Han surgido ya los primeros damnificados de esta invenci\u00f3n: las actrices y los actores, especialmente los que doblan voces, y las locutoras y los locutores comerciales. El primer embate contra un actor de doblaje al utilizar la IA sin escr\u00fapulos, fue obra el Instituto Nacional Electoral (INE) quien usurp\u00f3 la voz del narrador en espa\u00f1ol de la serie Dragon Ball, el desaparecido actor Pepe Lavat, en la producci\u00f3n de un anuncio para agradecer a la ciudadan\u00eda su participaci\u00f3n en las pasadas elecciones judiciales del 2 de junio. Ante el reclamo de la viuda del actor, la tambi\u00e9n actriz de doblaje Gisela Casillas, por la clonaci\u00f3n con IA de la voz de su marido la respuesta del INE fue: \u201cdemande\u201d.<br><\/p>\n\n\n\n<p>A lo anterior se sum\u00f3 el caso del anuncio del Banco Santander M\u00e9xico, creado \u00edntegramente por IA, no solo prescindiendo de voces humanas, sino tambi\u00e9n utilizando figuras de actores creados por la mencionada herramienta. Esta fue la gota que derram\u00f3 el vaso o el acto que encendi\u00f3 los focos rojos de los integrantes de los gremios afectados, los cuales se manifestaron el domingo en el Monumento a la Revoluci\u00f3n en se\u00f1al de protesta por el abuso de las productoras de anuncios y empresas de doblaje.<br><\/p>\n\n\n\n<p>La Sociedad General de Escritores de M\u00e9xico (SOGEM), de la cual el que escribe es presidente del Consejo Directivo, se solidariza con los primeros afectados por la falta de \u00e9tica en el uso de la Inteligencia Artificial y a la vez, comunica a las sociedades de gesti\u00f3n y conexos, agrupadas en la Coalici\u00f3n por el Acceso Legal a la Cultura A.C. (CALC), de la fruct\u00edfera reuni\u00f3n que en torno al tema de los Derechos de Autor y su relaci\u00f3n con la IA tuvimos el pasado viernes con la licenciada Roc\u00edo B\u00e1rcena Molina, subsecretaria de desarrollo democr\u00e1tico, participaci\u00f3n social y asuntos religiosos de la Secretar\u00eda de Gobernaci\u00f3n. En una junta cordial durante la cual la subsecretaria y su equipo se mostraron amables y receptivos, pudimos exponer, someramente, el funcionamiento de la IA y, ampliamente, la necesidad de legislar en torno al tema, principalmente en lo concerniente al Derecho de Autor.<br><\/p>\n\n\n\n<p>La marcha del domingo repercuti\u00f3 positivamente en la conferencia matutina de la presidenta Claudia Sheinbaum de ayer lunes. A pregunta expresa de la periodista Setzin Ju\u00e1rez, la mandataria expres\u00f3 que los manifestantes \u201ctienen raz\u00f3n (\u2026) Y ya a trav\u00e9s de la Consejer\u00eda Jur\u00eddica y la Secretar\u00eda de Cultura nos vamos a reunir con ellos para ver qu\u00e9 esquemas de protecci\u00f3n a su trabajo y a su voz, tienen que utilizarse para evitar el uso de lo que es su herramienta de trabajo principal, que es su voz, a trav\u00e9s de la Inteligencia Artificial\u201d.<\/p>\n","protected":false},"excerpt":{"rendered":"<p>Por: Manuel Ajenjo Antes de entrar en materia deseo emitir una queja porque la F\u00e1brica de Eventos Nacionales, produce acontecimientos con tal velocidad que en tan solo una semana borr\u00f3 del panorama noticioso y sac\u00f3 del radar jur\u00eddico el caso del expresidente Pe\u00f1a Nieto, ante el enojo de los que esper\u00e1bamos castigo para la corrupci\u00f3n [&hellip;]<\/p>\n","protected":false},"author":1,"featured_media":88241,"comment_status":"closed","ping_status":"closed","sticky":false,"template":"","format":"standard","meta":{"footnotes":""},"categories":[32],"tags":[],"class_list":["post-88239","post","type-post","status-publish","format-standard","has-post-thumbnail","hentry","category-editorial"],"_links":{"self":[{"href":"https:\/\/elinformante.mx\/index.php?rest_route=\/wp\/v2\/posts\/88239","targetHints":{"allow":["GET"]}}],"collection":[{"href":"https:\/\/elinformante.mx\/index.php?rest_route=\/wp\/v2\/posts"}],"about":[{"href":"https:\/\/elinformante.mx\/index.php?rest_route=\/wp\/v2\/types\/post"}],"author":[{"embeddable":true,"href":"https:\/\/elinformante.mx\/index.php?rest_route=\/wp\/v2\/users\/1"}],"replies":[{"embeddable":true,"href":"https:\/\/elinformante.mx\/index.php?rest_route=%2Fwp%2Fv2%2Fcomments&post=88239"}],"version-history":[{"count":0,"href":"https:\/\/elinformante.mx\/index.php?rest_route=\/wp\/v2\/posts\/88239\/revisions"}],"wp:featuredmedia":[{"embeddable":true,"href":"https:\/\/elinformante.mx\/index.php?rest_route=\/wp\/v2\/media\/88241"}],"wp:attachment":[{"href":"https:\/\/elinformante.mx\/index.php?rest_route=%2Fwp%2Fv2%2Fmedia&parent=88239"}],"wp:term":[{"taxonomy":"category","embeddable":true,"href":"https:\/\/elinformante.mx\/index.php?rest_route=%2Fwp%2Fv2%2Fcategories&post=88239"},{"taxonomy":"post_tag","embeddable":true,"href":"https:\/\/elinformante.mx\/index.php?rest_route=%2Fwp%2Fv2%2Ftags&post=88239"}],"curies":[{"name":"wp","href":"https:\/\/api.w.org\/{rel}","templated":true}]}}