{"id":88377,"date":"2025-07-17T06:22:35","date_gmt":"2025-07-17T12:22:35","guid":{"rendered":"https:\/\/elinformante.mx\/?p=88377"},"modified":"2025-07-25T13:41:07","modified_gmt":"2025-07-25T19:41:07","slug":"debuto-mateo-chavez-con-el-az-alkmaar-y-con-un-gol","status":"publish","type":"post","link":"https:\/\/elinformante.mx\/?p=88377","title":{"rendered":"Debut\u00f3 Mateo Ch\u00e1vez con el AZ Alkmaar y con un gol"},"content":{"rendered":"\n<figure class=\"wp-block-pullquote\"><blockquote><p>Tras empatar 1-1 en el tiempo regular, el AZ encontr\u00f3 el tanto de la victoria gracias al talento del exjugador de Chivas.<\/p><\/blockquote><\/figure>\n\n\n\n<p class=\"has-drop-cap\">El joven lateral mexicano Mateo Ch\u00e1vez, cay\u00f3 con el pie derecho en el futbol de Pa\u00edses Bajos y tuvo un debut redondo, pues debut\u00f3 con gol en la victoria del AZ Alkmaar por 2-1 sobre el KAA Gent de B\u00e9lgica en un encuentro amistoso, antes de que comience la temporada en la Eredivisie, dejando as\u00ed una buena primera impresi\u00f3n en el entrenador Maarten Martens.<br><\/p>\n\n\n\n<p>El partido se jug\u00f3 en Planet Group Arena de Gante, donde ambos equipos jugaron 90 minutos reglamentarios y luego 30 adicionales para sumar ritmo de cara a la temporada 2025-26.<br><\/p>\n\n\n\n<p>Tras empatar 1-1 en el tiempo regular, el AZ encontr\u00f3 el tanto de la victoria gracias al talento del exjugador de Chivas.<br><\/p>\n\n\n\n<p>Pero en el minuto 101, se hizo presente el mexicano Mateo Ch\u00e1vez, qui\u00e9n aprovech\u00f3 un bal\u00f3n al borde del \u00e1rea y sac\u00f3 un potente disparo para marcar su primer gol con el club neerland\u00e9s, lo que signific\u00f3 el 1-2 definitivo. Su gol no solo le dio la victoria a su equipo, sino que tambi\u00e9n lo coloc\u00f3 en el radar de la afici\u00f3n y de los medios locales, que destacaron su gran debut en Europa.<br><\/p>\n\n\n\n<p>Ch\u00e1vez mostr\u00f3 solidez defensiva, buena lectura de juego y capacidad para sumarse al ataque, una de sus principales cualidades. El AZ domin\u00f3 buena parte del partido y, aunque el Gent se adelant\u00f3 temprano en el marcador, los neerlandeses supieron reaccionar y controlar las acciones.<br><\/p>\n\n\n\n<p>El joven mexicano buscar\u00e1 seguir sumando minutos en los pr\u00f3ximos amistosos, mientras se adapta al futbol neerland\u00e9s. Su buena actuaci\u00f3n ante el Gent deja claro que tiene condiciones para pelear un lugar en el once titular de Maarten Martens. Un inicio prometedor para quien es considerado uno de los laterales con mayor proyecci\u00f3n en el futbol mexicano.<\/p>\n","protected":false},"excerpt":{"rendered":"<p>Tras empatar 1-1 en el tiempo regular, el AZ encontr\u00f3 el tanto de la victoria gracias al talento del exjugador de Chivas. El joven lateral mexicano Mateo Ch\u00e1vez, cay\u00f3 con el pie derecho en el futbol de Pa\u00edses Bajos y tuvo un debut redondo, pues debut\u00f3 con gol en la victoria del AZ Alkmaar por [&hellip;]<\/p>\n","protected":false},"author":1,"featured_media":88378,"comment_status":"closed","ping_status":"closed","sticky":false,"template":"","format":"standard","meta":{"footnotes":""},"categories":[38],"tags":[],"class_list":["post-88377","post","type-post","status-publish","format-standard","has-post-thumbnail","hentry","category-deportes"],"_links":{"self":[{"href":"https:\/\/elinformante.mx\/index.php?rest_route=\/wp\/v2\/posts\/88377","targetHints":{"allow":["GET"]}}],"collection":[{"href":"https:\/\/elinformante.mx\/index.php?rest_route=\/wp\/v2\/posts"}],"about":[{"href":"https:\/\/elinformante.mx\/index.php?rest_route=\/wp\/v2\/types\/post"}],"author":[{"embeddable":true,"href":"https:\/\/elinformante.mx\/index.php?rest_route=\/wp\/v2\/users\/1"}],"replies":[{"embeddable":true,"href":"https:\/\/elinformante.mx\/index.php?rest_route=%2Fwp%2Fv2%2Fcomments&post=88377"}],"version-history":[{"count":0,"href":"https:\/\/elinformante.mx\/index.php?rest_route=\/wp\/v2\/posts\/88377\/revisions"}],"wp:featuredmedia":[{"embeddable":true,"href":"https:\/\/elinformante.mx\/index.php?rest_route=\/wp\/v2\/media\/88378"}],"wp:attachment":[{"href":"https:\/\/elinformante.mx\/index.php?rest_route=%2Fwp%2Fv2%2Fmedia&parent=88377"}],"wp:term":[{"taxonomy":"category","embeddable":true,"href":"https:\/\/elinformante.mx\/index.php?rest_route=%2Fwp%2Fv2%2Fcategories&post=88377"},{"taxonomy":"post_tag","embeddable":true,"href":"https:\/\/elinformante.mx\/index.php?rest_route=%2Fwp%2Fv2%2Ftags&post=88377"}],"curies":[{"name":"wp","href":"https:\/\/api.w.org\/{rel}","templated":true}]}}