{"id":88386,"date":"2025-07-17T06:34:30","date_gmt":"2025-07-17T12:34:30","guid":{"rendered":"https:\/\/elinformante.mx\/?p=88386"},"modified":"2025-07-25T13:40:59","modified_gmt":"2025-07-25T19:40:59","slug":"recibe-55-anos-de-prision-responsable-de-feminicidio-ocurrido-en-huixquilucan","status":"publish","type":"post","link":"https:\/\/elinformante.mx\/?p=88386","title":{"rendered":"Recibe 55 a\u00f1os de prisi\u00f3n responsable de feminicidio ocurrido en Huixquilucan"},"content":{"rendered":"\n<figure class=\"wp-block-pullquote\"><blockquote><p>-El ahora sentenciado caus\u00f3 la muerte a una joven de 25 a\u00f1os, quien era su pareja sentimental.<\/p><\/blockquote><\/figure>\n\n\n\n<p class=\"has-drop-cap\">Por el delito de feminicidio en agravio de una joven de 25 a\u00f1os, Brandon Jes\u00fas Herrera Guti\u00e9rrez fue sentenciado a 55 a\u00f1os de prisi\u00f3n, una vez que la Fiscal\u00eda General de Justicia del Estado de M\u00e9xico (FGJEM) acredit\u00f3 su intervenci\u00f3n en este il\u00edcito registrado en el municipio de Huixquilucan.<br><\/p>\n\n\n\n<p>El feminicidio por el cual es indagado se registr\u00f3 el 28 de agosto de 2023, al interior de una vivienda ubicada en la colonia San Bartolom\u00e9 Coatepec, en el municipio de Huixquilucan, donde el ahora sentenciado priv\u00f3 de la vida a su pareja sentimental y luego huy\u00f3.<br><\/p>\n\n\n\n<p>La investigaci\u00f3n iniciada por la Fiscal\u00eda mexiquense tras realizarse el hallazgo del cuerpo permiti\u00f3 determinar que el d\u00eda de los hechos ambos se encontraban al interior del domicilio, donde iniciaron una discusi\u00f3n; en la pelea este individuo la agredi\u00f3 f\u00edsicamente y luego la estrangul\u00f3.<br><\/p>\n\n\n\n<p>Con los datos de prueba recabados durante el desarrollo de la investigaci\u00f3n, el Representante Social solicit\u00f3 a la Autoridad Judicial librar orden de aprehensi\u00f3n contra el implicado, mandamiento judicial que fue otorgado y cumplimentado.<br><\/p>\n\n\n\n<p>Este individuo fue detenido en el municipio de Naucalpan, en acci\u00f3n conjunta de la Fiscal\u00eda mexiquense, Secretar\u00eda de Seguridad y Protecci\u00f3n Ciudadana federal (SSPC) y la Secretar\u00eda de Seguridad estatal (SSEM), posteriormente fue ingresado al Centro Penitenciario y de Reinserci\u00f3n Social de Tlalnepantla, a disposici\u00f3n de un Juez, quien tras proceso legal, le dict\u00f3 esta condena.<\/p>\n","protected":false},"excerpt":{"rendered":"<p>-El ahora sentenciado caus\u00f3 la muerte a una joven de 25 a\u00f1os, quien era su pareja sentimental. Por el delito de feminicidio en agravio de una joven de 25 a\u00f1os, Brandon Jes\u00fas Herrera Guti\u00e9rrez fue sentenciado a 55 a\u00f1os de prisi\u00f3n, una vez que la Fiscal\u00eda General de Justicia del Estado de M\u00e9xico (FGJEM) acredit\u00f3 [&hellip;]<\/p>\n","protected":false},"author":1,"featured_media":88387,"comment_status":"closed","ping_status":"closed","sticky":false,"template":"","format":"standard","meta":{"footnotes":""},"categories":[36,37],"tags":[],"class_list":["post-88386","post","type-post","status-publish","format-standard","has-post-thumbnail","hentry","category-edomex","category-justicia"],"_links":{"self":[{"href":"https:\/\/elinformante.mx\/index.php?rest_route=\/wp\/v2\/posts\/88386","targetHints":{"allow":["GET"]}}],"collection":[{"href":"https:\/\/elinformante.mx\/index.php?rest_route=\/wp\/v2\/posts"}],"about":[{"href":"https:\/\/elinformante.mx\/index.php?rest_route=\/wp\/v2\/types\/post"}],"author":[{"embeddable":true,"href":"https:\/\/elinformante.mx\/index.php?rest_route=\/wp\/v2\/users\/1"}],"replies":[{"embeddable":true,"href":"https:\/\/elinformante.mx\/index.php?rest_route=%2Fwp%2Fv2%2Fcomments&post=88386"}],"version-history":[{"count":0,"href":"https:\/\/elinformante.mx\/index.php?rest_route=\/wp\/v2\/posts\/88386\/revisions"}],"wp:featuredmedia":[{"embeddable":true,"href":"https:\/\/elinformante.mx\/index.php?rest_route=\/wp\/v2\/media\/88387"}],"wp:attachment":[{"href":"https:\/\/elinformante.mx\/index.php?rest_route=%2Fwp%2Fv2%2Fmedia&parent=88386"}],"wp:term":[{"taxonomy":"category","embeddable":true,"href":"https:\/\/elinformante.mx\/index.php?rest_route=%2Fwp%2Fv2%2Fcategories&post=88386"},{"taxonomy":"post_tag","embeddable":true,"href":"https:\/\/elinformante.mx\/index.php?rest_route=%2Fwp%2Fv2%2Ftags&post=88386"}],"curies":[{"name":"wp","href":"https:\/\/api.w.org\/{rel}","templated":true}]}}