{"id":88389,"date":"2025-07-17T06:37:36","date_gmt":"2025-07-17T12:37:36","guid":{"rendered":"https:\/\/elinformante.mx\/?p=88389"},"modified":"2025-07-25T13:40:57","modified_gmt":"2025-07-25T19:40:57","slug":"son-procesados-dos-sujetos-por-su-implicacion-en-el-asesinato-de-un-hombre-en-zumpango","status":"publish","type":"post","link":"https:\/\/elinformante.mx\/?p=88389","title":{"rendered":"Son procesados dos sujetos por su implicaci\u00f3n en el asesinato de un hombre en Zumpango"},"content":{"rendered":"\n<figure class=\"wp-block-pullquote\"><blockquote><p>Fueron ingresados al Centro Penitenciario y de Reinserci\u00f3n Social de la zona a disposici\u00f3n de la Autoridad Judicial.<\/p><\/blockquote><\/figure>\n\n\n\n<p class=\"has-drop-cap\">Miguel \u00c1ngel \u201cN\u201d y Leonardo Ismael \u201cN\u201d, fueron vinculados a proceso luego de que la Fiscal\u00eda General de Justicia del Estado de M\u00e9xico (FGJEM) acredit\u00f3 su probable intervenci\u00f3n en el delito de homicidio calificado en agravio de un hombre en este municipio.<br><\/p>\n\n\n\n<p>Indagatorias de la Fiscal\u00eda Edom\u00e9x precisaron que el pasado 16 de junio, la v\u00edctima fue trasladada a un inmueble ubicado en la colonia La Trinidad, en el municipio de Zumpango, por los ahora detenidos.<br><\/p>\n\n\n\n<p>En el lugar, los probables implicados lo condujeron a una de las habitaciones, donde lo habr\u00edan golpeado y atado de pies y manos. Posteriormente lo atacaron con objetos punzocortantes y luego detonaron armas de fuego en su contra, caus\u00e1ndole la muerte.<br><\/p>\n\n\n\n<p>Con la finalidad de deshacerse del cuerpo lo envolvieron con cobijas y bolsas y lo trasladaron a el camino a Jilotzingo, en la colonia La Trinidad, municipio de Zumpango, donde lo abandonaron.<br><\/p>\n\n\n\n<p>Derivado del hallazgo del cuerpo fue iniciada la indagatoria correspondiente y llevados a cabo actos de investigaci\u00f3n que derivaron en la captura de los probables implicados.<br><\/p>\n\n\n\n<p>La captura de estos individuos fue realizada en la colonia La Mora, en el municipio de Ecatepec y posteriormente fueron ingresados al Centro Penitenciario y de Reinserci\u00f3n Social de la zona a disposici\u00f3n de la Autoridad Judicial, quien determin\u00f3 iniciarles proceso legal, con plazo de dos meses para el cierre de investigaci\u00f3n complementaria y medida cautelar de prisi\u00f3n preventiva.<\/p>\n","protected":false},"excerpt":{"rendered":"<p>Fueron ingresados al Centro Penitenciario y de Reinserci\u00f3n Social de la zona a disposici\u00f3n de la Autoridad Judicial. Miguel \u00c1ngel \u201cN\u201d y Leonardo Ismael \u201cN\u201d, fueron vinculados a proceso luego de que la Fiscal\u00eda General de Justicia del Estado de M\u00e9xico (FGJEM) acredit\u00f3 su probable intervenci\u00f3n en el delito de homicidio calificado en agravio de [&hellip;]<\/p>\n","protected":false},"author":1,"featured_media":88390,"comment_status":"closed","ping_status":"closed","sticky":false,"template":"","format":"standard","meta":{"footnotes":""},"categories":[30,36,37],"tags":[],"class_list":["post-88389","post","type-post","status-publish","format-standard","has-post-thumbnail","hentry","category-destacado","category-edomex","category-justicia"],"_links":{"self":[{"href":"https:\/\/elinformante.mx\/index.php?rest_route=\/wp\/v2\/posts\/88389","targetHints":{"allow":["GET"]}}],"collection":[{"href":"https:\/\/elinformante.mx\/index.php?rest_route=\/wp\/v2\/posts"}],"about":[{"href":"https:\/\/elinformante.mx\/index.php?rest_route=\/wp\/v2\/types\/post"}],"author":[{"embeddable":true,"href":"https:\/\/elinformante.mx\/index.php?rest_route=\/wp\/v2\/users\/1"}],"replies":[{"embeddable":true,"href":"https:\/\/elinformante.mx\/index.php?rest_route=%2Fwp%2Fv2%2Fcomments&post=88389"}],"version-history":[{"count":0,"href":"https:\/\/elinformante.mx\/index.php?rest_route=\/wp\/v2\/posts\/88389\/revisions"}],"wp:featuredmedia":[{"embeddable":true,"href":"https:\/\/elinformante.mx\/index.php?rest_route=\/wp\/v2\/media\/88390"}],"wp:attachment":[{"href":"https:\/\/elinformante.mx\/index.php?rest_route=%2Fwp%2Fv2%2Fmedia&parent=88389"}],"wp:term":[{"taxonomy":"category","embeddable":true,"href":"https:\/\/elinformante.mx\/index.php?rest_route=%2Fwp%2Fv2%2Fcategories&post=88389"},{"taxonomy":"post_tag","embeddable":true,"href":"https:\/\/elinformante.mx\/index.php?rest_route=%2Fwp%2Fv2%2Ftags&post=88389"}],"curies":[{"name":"wp","href":"https:\/\/api.w.org\/{rel}","templated":true}]}}