{"id":88396,"date":"2025-07-17T06:43:07","date_gmt":"2025-07-17T12:43:07","guid":{"rendered":"https:\/\/elinformante.mx\/?p=88396"},"modified":"2025-07-25T13:40:52","modified_gmt":"2025-07-25T19:40:52","slug":"en-naucalpan-bajaron-20-los-homicidios-dolosos-isaac-montoya","status":"publish","type":"post","link":"https:\/\/elinformante.mx\/?p=88396","title":{"rendered":"En Naucalpan bajaron 20% los homicidios dolosos; Isaac Montoya"},"content":{"rendered":"\n<figure class=\"wp-block-pullquote\"><blockquote><p>El gobierno municipal ha mantenido total coordinaci\u00f3n con las diversas corporaciones de seguridad estatal y federal.<\/p><\/blockquote><\/figure>\n\n\n\n<p class=\"has-drop-cap\">El presidente municipal de Naucalpan, Isaac Montoya, acompa\u00f1\u00f3 a la presidenta Claudia Sheinbaum Pardo, a la gobernadora Delfina G\u00f3mez \u00c1lvarez y al titular de la Secretar\u00eda de Seguridad y Protecci\u00f3n Ciudadana, Omar Garc\u00eda Harfuch, en la presentaci\u00f3n del Mando Unificado Oriente.<br><\/p>\n\n\n\n<p>Durante su participaci\u00f3n se\u00f1al\u00f3 que el municipio de Naucalpan ha registrado una reducci\u00f3n del 20% en el delito de homicidio doloso.<br><\/p>\n\n\n\n<p>Se\u00f1al\u00f3 que tras 111 d\u00edas de haber implementado la Estrategia Operativa Oriente (EOO) este municipio reporta una reducci\u00f3n del 20% en el homicidio doloso y 45% del robo de veh\u00edculos.<br><\/p>\n\n\n\n<p>Mencion\u00f3 que a partir de la Estrategia Operativa Oriente, el gobierno municipal ha mantenido total coordinaci\u00f3n con las diversas corporaciones de seguridad estatal y federal, a fin de recuperar la paz y mejorar la seguridad de las y los naucalpenses, un compromiso compartido con los gobiernos estatal y federal.<\/p>\n","protected":false},"excerpt":{"rendered":"<p>El gobierno municipal ha mantenido total coordinaci\u00f3n con las diversas corporaciones de seguridad estatal y federal. El presidente municipal de Naucalpan, Isaac Montoya, acompa\u00f1\u00f3 a la presidenta Claudia Sheinbaum Pardo, a la gobernadora Delfina G\u00f3mez \u00c1lvarez y al titular de la Secretar\u00eda de Seguridad y Protecci\u00f3n Ciudadana, Omar Garc\u00eda Harfuch, en la presentaci\u00f3n del Mando [&hellip;]<\/p>\n","protected":false},"author":1,"featured_media":88397,"comment_status":"closed","ping_status":"closed","sticky":false,"template":"","format":"standard","meta":{"footnotes":""},"categories":[30,36],"tags":[],"class_list":["post-88396","post","type-post","status-publish","format-standard","has-post-thumbnail","hentry","category-destacado","category-edomex"],"_links":{"self":[{"href":"https:\/\/elinformante.mx\/index.php?rest_route=\/wp\/v2\/posts\/88396","targetHints":{"allow":["GET"]}}],"collection":[{"href":"https:\/\/elinformante.mx\/index.php?rest_route=\/wp\/v2\/posts"}],"about":[{"href":"https:\/\/elinformante.mx\/index.php?rest_route=\/wp\/v2\/types\/post"}],"author":[{"embeddable":true,"href":"https:\/\/elinformante.mx\/index.php?rest_route=\/wp\/v2\/users\/1"}],"replies":[{"embeddable":true,"href":"https:\/\/elinformante.mx\/index.php?rest_route=%2Fwp%2Fv2%2Fcomments&post=88396"}],"version-history":[{"count":0,"href":"https:\/\/elinformante.mx\/index.php?rest_route=\/wp\/v2\/posts\/88396\/revisions"}],"wp:featuredmedia":[{"embeddable":true,"href":"https:\/\/elinformante.mx\/index.php?rest_route=\/wp\/v2\/media\/88397"}],"wp:attachment":[{"href":"https:\/\/elinformante.mx\/index.php?rest_route=%2Fwp%2Fv2%2Fmedia&parent=88396"}],"wp:term":[{"taxonomy":"category","embeddable":true,"href":"https:\/\/elinformante.mx\/index.php?rest_route=%2Fwp%2Fv2%2Fcategories&post=88396"},{"taxonomy":"post_tag","embeddable":true,"href":"https:\/\/elinformante.mx\/index.php?rest_route=%2Fwp%2Fv2%2Ftags&post=88396"}],"curies":[{"name":"wp","href":"https:\/\/api.w.org\/{rel}","templated":true}]}}