{"id":88399,"date":"2025-07-17T06:49:28","date_gmt":"2025-07-17T12:49:28","guid":{"rendered":"https:\/\/elinformante.mx\/?p=88399"},"modified":"2025-07-25T13:40:50","modified_gmt":"2025-07-25T19:40:50","slug":"instala-adolfo-solis-comision-municipal-de-la-campana-el-poder-de-alfabetizar","status":"publish","type":"post","link":"https:\/\/elinformante.mx\/?p=88399","title":{"rendered":"Instala Adolfo Sol\u00eds Comisi\u00f3n Municipal de la campa\u00f1a \u201cEl Poder de Alfabetizar\u201d"},"content":{"rendered":"\n<figure class=\"wp-block-pullquote\"><blockquote><p>Se\u00f1al\u00f3 que existen en el municipio alrededor de 7 mil personas que se encuentran en condici\u00f3n de analfabetismo.<\/p><\/blockquote><\/figure>\n\n\n\n<p class=\"has-drop-cap\">El presidente municipal de Almoloya de Ju\u00e1rez, Adolfo Sol\u00eds, instal\u00f3 la Comisi\u00f3n Municipal de la campa\u00f1a \u201cEl Poder de Alfabetizar\u201d 2025\u20132027, una estrategia impulsada por los Gobiernos federal y del #Edom\u00e9x para saldar una deuda hist\u00f3rica con quienes a\u00fan no saben leer ni escribir. Hoy dimos el primer paso para transformar vidas a trav\u00e9s del conocimiento.<br><\/p>\n\n\n\n<p>La instalaci\u00f3n de la Comisi\u00f3n de Alfabetizaci\u00f3n en el municipio, representa un paso importante para fortalecer la educaci\u00f3n de adultos en la regi\u00f3n y una nueva etapa de colaboraci\u00f3n y compromiso para promover la alfabetizaci\u00f3n y el desarrollo educativo municipal.<br><\/p>\n\n\n\n<figure class=\"wp-block-image size-large\"><img fetchpriority=\"high\" decoding=\"async\" width=\"1024\" height=\"506\" src=\"https:\/\/elinformante.mx\/wp-content\/uploads\/2025\/07\/11instala-2-1024x506.jpg\" alt=\"\" class=\"wp-image-88401\" srcset=\"https:\/\/elinformante.mx\/wp-content\/uploads\/2025\/07\/11instala-2-1024x506.jpg 1024w, https:\/\/elinformante.mx\/wp-content\/uploads\/2025\/07\/11instala-2-300x148.jpg 300w, https:\/\/elinformante.mx\/wp-content\/uploads\/2025\/07\/11instala-2-768x379.jpg 768w, https:\/\/elinformante.mx\/wp-content\/uploads\/2025\/07\/11instala-2.jpg 1140w\" sizes=\"(max-width: 1024px) 100vw, 1024px\" \/><\/figure>\n\n\n\n<p>Sol\u00eds se\u00f1al\u00f3 que existen en el municipio alrededor de 7 mil personas que se encuentran en condici\u00f3n de analfabetismo. Por eso, en Almoloya de Ju\u00e1rez se seguir\u00e1 trabajando de forma coordinada en todas las \u00e1reas del Ayuntamiento.<br><\/p>\n\n\n\n<p>Y afirm\u00f3 que la meta en el municipio es la de bajar el \u00edndice de analfabetismo a menos del 4%, y seguir reduciendo el rezago en los pr\u00f3ximos dos a\u00f1os.<br><\/p>\n\n\n\n<p>Record\u00f3 que fue el pasado mes de junio cuando Adolfo Sol\u00eds y el Titular de la Unidad de Operaci\u00f3n del INEA Estado de M\u00e9xico, Carlos Pimentel firmaron este convenio.<\/p>\n","protected":false},"excerpt":{"rendered":"<p>Se\u00f1al\u00f3 que existen en el municipio alrededor de 7 mil personas que se encuentran en condici\u00f3n de analfabetismo. El presidente municipal de Almoloya de Ju\u00e1rez, Adolfo Sol\u00eds, instal\u00f3 la Comisi\u00f3n Municipal de la campa\u00f1a \u201cEl Poder de Alfabetizar\u201d 2025\u20132027, una estrategia impulsada por los Gobiernos federal y del #Edom\u00e9x para saldar una deuda hist\u00f3rica con [&hellip;]<\/p>\n","protected":false},"author":1,"featured_media":88400,"comment_status":"closed","ping_status":"closed","sticky":false,"template":"","format":"standard","meta":{"footnotes":""},"categories":[36],"tags":[],"class_list":["post-88399","post","type-post","status-publish","format-standard","has-post-thumbnail","hentry","category-edomex"],"_links":{"self":[{"href":"https:\/\/elinformante.mx\/index.php?rest_route=\/wp\/v2\/posts\/88399","targetHints":{"allow":["GET"]}}],"collection":[{"href":"https:\/\/elinformante.mx\/index.php?rest_route=\/wp\/v2\/posts"}],"about":[{"href":"https:\/\/elinformante.mx\/index.php?rest_route=\/wp\/v2\/types\/post"}],"author":[{"embeddable":true,"href":"https:\/\/elinformante.mx\/index.php?rest_route=\/wp\/v2\/users\/1"}],"replies":[{"embeddable":true,"href":"https:\/\/elinformante.mx\/index.php?rest_route=%2Fwp%2Fv2%2Fcomments&post=88399"}],"version-history":[{"count":0,"href":"https:\/\/elinformante.mx\/index.php?rest_route=\/wp\/v2\/posts\/88399\/revisions"}],"wp:featuredmedia":[{"embeddable":true,"href":"https:\/\/elinformante.mx\/index.php?rest_route=\/wp\/v2\/media\/88400"}],"wp:attachment":[{"href":"https:\/\/elinformante.mx\/index.php?rest_route=%2Fwp%2Fv2%2Fmedia&parent=88399"}],"wp:term":[{"taxonomy":"category","embeddable":true,"href":"https:\/\/elinformante.mx\/index.php?rest_route=%2Fwp%2Fv2%2Fcategories&post=88399"},{"taxonomy":"post_tag","embeddable":true,"href":"https:\/\/elinformante.mx\/index.php?rest_route=%2Fwp%2Fv2%2Ftags&post=88399"}],"curies":[{"name":"wp","href":"https:\/\/api.w.org\/{rel}","templated":true}]}}