{"id":88406,"date":"2025-07-17T06:59:25","date_gmt":"2025-07-17T12:59:25","guid":{"rendered":"https:\/\/elinformante.mx\/?p=88406"},"modified":"2025-07-25T13:40:46","modified_gmt":"2025-07-25T19:40:46","slug":"participaran-mas-de-90-trabajos-en-xxviii-certamen-de-investigacion-y-ensayo-politico-del-ieem","status":"publish","type":"post","link":"https:\/\/elinformante.mx\/?p=88406","title":{"rendered":"Participar\u00e1n m\u00e1s de 90 trabajos en XXVIII Certamen de Investigaci\u00f3n y Ensayo Pol\u00edtico del IEEM"},"content":{"rendered":"\n<figure class=\"wp-block-pullquote\"><blockquote><p>-Lo anterior se dio a conocer durante la Tercera Sesi\u00f3n Ordinaria del Comit\u00e9 Acad\u00e9mico del Centro de Formaci\u00f3n y Documentaci\u00f3n del Instituto.<\/p><\/blockquote><\/figure>\n\n\n\n<p class=\"has-drop-cap\">El Comit\u00e9 Acad\u00e9mico del Centro de Formaci\u00f3n y Documentaci\u00f3n Electoral (CFDE) del Instituto Electoral del Estado de M\u00e9xico (IEEM) aprob\u00f3 la integraci\u00f3n del jurado calificador para el XXVIII Certamen de Investigaci\u00f3n y Ensayo Pol\u00edtico, que registr\u00f3 97 trabajos, as\u00ed como la plantilla docente de los posgrados que imparte el CFDE.<br><\/p>\n\n\n\n<p>Durante la Tercera Sesi\u00f3n Ordinaria, la Consejera Presidenta del IEEM y Presidenta del Comit\u00e9 Acad\u00e9mico, Amalia Pulido G\u00f3mez, se\u00f1al\u00f3 que actividades como el Certamen representan parte de la labor de los Organismos P\u00fablicos Electorales Locales (OPLEs), pues incentivan una ciudadan\u00eda activa, plural y consciente de su papel en la vida p\u00fablica, cuyas reflexiones e investigaciones aportan elementos valiosos para la comprensi\u00f3n de los desaf\u00edos colectivos; adem\u00e1s, destac\u00f3 la importancia de crear espacios que expresen el prop\u00f3sito tanto del Comit\u00e9 Acad\u00e9mico como del CFDE.<br><\/p>\n\n\n\n<p>Pulido G\u00f3mez subray\u00f3 que, con acciones como esta, el Instituto se mantiene a la vanguardia en la promoci\u00f3n de una ciudadan\u00eda cr\u00edtica y reflexiva. Finalmente, reconoci\u00f3 a las personas que enviaron sus trabajos para participar en el XXVIII Certamen de Investigaci\u00f3n y Ensayo Pol\u00edtico, as\u00ed como a los 70 integrantes que conformar\u00e1n el jurado calificador.<br><\/p>\n\n\n\n<p>Por otro lado, se aprob\u00f3 la plantilla docente para el Tercer semestre de la Maestr\u00eda en Derecho Electoral de la d\u00e9cima tercera generaci\u00f3n y el primer semestre de la d\u00e9cima primera generaci\u00f3n de la Maestr\u00eda en la Administraci\u00f3n Electoral.<\/p>\n","protected":false},"excerpt":{"rendered":"<p>-Lo anterior se dio a conocer durante la Tercera Sesi\u00f3n Ordinaria del Comit\u00e9 Acad\u00e9mico del Centro de Formaci\u00f3n y Documentaci\u00f3n del Instituto. El Comit\u00e9 Acad\u00e9mico del Centro de Formaci\u00f3n y Documentaci\u00f3n Electoral (CFDE) del Instituto Electoral del Estado de M\u00e9xico (IEEM) aprob\u00f3 la integraci\u00f3n del jurado calificador para el XXVIII Certamen de Investigaci\u00f3n y Ensayo [&hellip;]<\/p>\n","protected":false},"author":1,"featured_media":88407,"comment_status":"closed","ping_status":"closed","sticky":false,"template":"","format":"standard","meta":{"footnotes":""},"categories":[36],"tags":[],"class_list":["post-88406","post","type-post","status-publish","format-standard","has-post-thumbnail","hentry","category-edomex"],"_links":{"self":[{"href":"https:\/\/elinformante.mx\/index.php?rest_route=\/wp\/v2\/posts\/88406","targetHints":{"allow":["GET"]}}],"collection":[{"href":"https:\/\/elinformante.mx\/index.php?rest_route=\/wp\/v2\/posts"}],"about":[{"href":"https:\/\/elinformante.mx\/index.php?rest_route=\/wp\/v2\/types\/post"}],"author":[{"embeddable":true,"href":"https:\/\/elinformante.mx\/index.php?rest_route=\/wp\/v2\/users\/1"}],"replies":[{"embeddable":true,"href":"https:\/\/elinformante.mx\/index.php?rest_route=%2Fwp%2Fv2%2Fcomments&post=88406"}],"version-history":[{"count":0,"href":"https:\/\/elinformante.mx\/index.php?rest_route=\/wp\/v2\/posts\/88406\/revisions"}],"wp:featuredmedia":[{"embeddable":true,"href":"https:\/\/elinformante.mx\/index.php?rest_route=\/wp\/v2\/media\/88407"}],"wp:attachment":[{"href":"https:\/\/elinformante.mx\/index.php?rest_route=%2Fwp%2Fv2%2Fmedia&parent=88406"}],"wp:term":[{"taxonomy":"category","embeddable":true,"href":"https:\/\/elinformante.mx\/index.php?rest_route=%2Fwp%2Fv2%2Fcategories&post=88406"},{"taxonomy":"post_tag","embeddable":true,"href":"https:\/\/elinformante.mx\/index.php?rest_route=%2Fwp%2Fv2%2Ftags&post=88406"}],"curies":[{"name":"wp","href":"https:\/\/api.w.org\/{rel}","templated":true}]}}