{"id":88409,"date":"2025-07-17T07:01:40","date_gmt":"2025-07-17T13:01:40","guid":{"rendered":"https:\/\/elinformante.mx\/?p=88409"},"modified":"2025-07-25T13:40:43","modified_gmt":"2025-07-25T19:40:43","slug":"eleccion-de-rectoria-de-la-uaemex-transcurre-sin-impugnaciones","status":"publish","type":"post","link":"https:\/\/elinformante.mx\/?p=88409","title":{"rendered":"Elecci\u00f3n de Rector\u00eda de la UAEM\u00e9x transcurre sin impugnaciones"},"content":{"rendered":"\n<figure class=\"wp-block-pullquote\"><blockquote><p>La m\u00e1xima casa de estudios mexiquense confirma que el proceso electoral universitario se desarrolla con normalidad.<\/p><\/blockquote><\/figure>\n\n\n\n<p class=\"has-drop-cap\">La Universidad Aut\u00f3noma del Estado de M\u00e9xico (UAEM\u00e9x) instal\u00f3 la Comisi\u00f3n Permanente de Procesos Electorales del H. Consejo Universitario, quienes son el \u00f3rgano encargado de recibir y atender los recursos de inconformidad durante el proceso de elecci\u00f3n de la nueva Rectora para el periodo 2025-2029.<br><\/p>\n\n\n\n<p>La sesi\u00f3n, celebrada en el Edificio Administrativo de la UAEM\u00e9x transcurri\u00f3 sin incidentes, y se inform\u00f3 de manera oficial que no se recibieron oficios ni recursos de inconformidad por parte de las aspirantes registradas a la Rector\u00eda.<br><\/p>\n\n\n\n<p>De esta manera, la m\u00e1xima casa de estudios mexiquense confirma que el proceso electoral universitario se desarrolla con normalidad, con apego a las bases establecidas y sin controversias formales.<br><\/p>\n\n\n\n<p>La virtual ganadora de la elecci\u00f3n para la rector\u00eda, Martha Patricia Zarza Delgado, emiti\u00f3 su primer mensaje donde asegur\u00f3 que su compromiso con la comunidad universitaria ser\u00e1 firme y transparente: \u201cLo digo con toda claridad: no les voy a fallar\u201d.<br><\/p>\n\n\n\n<p>Agradec\u00eda la participaci\u00f3n de m\u00e1s de 20 mil personas, entre estudiantes, acad\u00e9micos y personal administrativo en esta jornada electoral hist\u00f3rica, donde por primera vez en cerca de 200 a\u00f1os la comunidad universitaria eligi\u00f3 de manera directa a quien encabezar\u00e1 la instituci\u00f3n.<\/p>\n\n\n\n<p><\/p>\n","protected":false},"excerpt":{"rendered":"<p>La m\u00e1xima casa de estudios mexiquense confirma que el proceso electoral universitario se desarrolla con normalidad. La Universidad Aut\u00f3noma del Estado de M\u00e9xico (UAEM\u00e9x) instal\u00f3 la Comisi\u00f3n Permanente de Procesos Electorales del H. Consejo Universitario, quienes son el \u00f3rgano encargado de recibir y atender los recursos de inconformidad durante el proceso de elecci\u00f3n de la [&hellip;]<\/p>\n","protected":false},"author":1,"featured_media":88410,"comment_status":"closed","ping_status":"closed","sticky":false,"template":"","format":"standard","meta":{"footnotes":""},"categories":[30,36],"tags":[],"class_list":["post-88409","post","type-post","status-publish","format-standard","has-post-thumbnail","hentry","category-destacado","category-edomex"],"_links":{"self":[{"href":"https:\/\/elinformante.mx\/index.php?rest_route=\/wp\/v2\/posts\/88409","targetHints":{"allow":["GET"]}}],"collection":[{"href":"https:\/\/elinformante.mx\/index.php?rest_route=\/wp\/v2\/posts"}],"about":[{"href":"https:\/\/elinformante.mx\/index.php?rest_route=\/wp\/v2\/types\/post"}],"author":[{"embeddable":true,"href":"https:\/\/elinformante.mx\/index.php?rest_route=\/wp\/v2\/users\/1"}],"replies":[{"embeddable":true,"href":"https:\/\/elinformante.mx\/index.php?rest_route=%2Fwp%2Fv2%2Fcomments&post=88409"}],"version-history":[{"count":0,"href":"https:\/\/elinformante.mx\/index.php?rest_route=\/wp\/v2\/posts\/88409\/revisions"}],"wp:featuredmedia":[{"embeddable":true,"href":"https:\/\/elinformante.mx\/index.php?rest_route=\/wp\/v2\/media\/88410"}],"wp:attachment":[{"href":"https:\/\/elinformante.mx\/index.php?rest_route=%2Fwp%2Fv2%2Fmedia&parent=88409"}],"wp:term":[{"taxonomy":"category","embeddable":true,"href":"https:\/\/elinformante.mx\/index.php?rest_route=%2Fwp%2Fv2%2Fcategories&post=88409"},{"taxonomy":"post_tag","embeddable":true,"href":"https:\/\/elinformante.mx\/index.php?rest_route=%2Fwp%2Fv2%2Ftags&post=88409"}],"curies":[{"name":"wp","href":"https:\/\/api.w.org\/{rel}","templated":true}]}}