{"id":88412,"date":"2025-07-17T07:04:24","date_gmt":"2025-07-17T13:04:24","guid":{"rendered":"https:\/\/elinformante.mx\/?p=88412"},"modified":"2025-07-25T13:40:41","modified_gmt":"2025-07-25T19:40:41","slug":"semov-realiza-mantenimiento-preventivo-en-la-linea-1-del-mexicable-en-ecatepec","status":"publish","type":"post","link":"https:\/\/elinformante.mx\/?p=88412","title":{"rendered":"Semov realiza mantenimiento preventivo en la L\u00ednea 1 del Mexicable en Ecatepec"},"content":{"rendered":"\n<figure class=\"wp-block-pullquote\"><blockquote><p>-Los trabajos se realizan del 13 al 27 de julio para mantener los m\u00e1s altos est\u00e1ndares de seguridad, eficiencia y calidad del servicio.<\/p><\/blockquote><\/figure>\n\n\n\n<p class=\"has-drop-cap\">Con el objetivo de garantizar un servicio seguro, eficiente y de calidad para las y los usuarios, la Secretar\u00eda de Movilidad (Semov) del Gobierno del Estado de M\u00e9xico informa que del 13 al 27 de julio se llevar\u00e1 a cabo el mantenimiento preventivo anual de la L\u00ednea 1 o Roja del sistema de transporte masivo Mexicable, en el municipio de Ecatepec.<br><\/p>\n\n\n\n<p>Los trabajos de conservaci\u00f3n se realizar\u00e1n en dos etapas, durante las cuales se suspender\u00e1 de forma provisional el servicio en determinadas estaciones:<br><\/p>\n\n\n\n<p>Primera etapa: del domingo 13 al domingo 20 de julio, se cerrar\u00e1n las estaciones 1 \u201cSanta Clara\u201d, 2 \u201cHank Gonz\u00e1lez\u201d, 3 \u201cF\u00e1tima\u201d y 4A \u201cTablas del Pozo\u201d, correspondientes al bucle 1.<br><\/p>\n\n\n\n<p>Segunda etapa: del lunes 21 al domingo 27 de julio, permanecer\u00e1n sin servicio las estaciones 4B \u201cTablas del Pozo\u201d, 5 \u201cLos Bordos\u201d, 6 \u201cDeportivo\u201d y 7 \u201cLa Ca\u00f1ada\u201d, pertenecientes al bucle B.<br><\/p>\n\n\n\n<p>Daniel Sibaja Gonz\u00e1lez, Secretario de Movilidad destac\u00f3 que la L\u00ednea 1, que este a\u00f1o cumple nueve a\u00f1os de operaci\u00f3n, ha demostrado ser un medio de transporte confiable y eficaz, con cero incidentes ni asaltos registrados desde su inauguraci\u00f3n y una reducci\u00f3n significativa en los tiempos de traslado para las y los habitantes de las zonas altas de Ecatepec.<br><\/p>\n\n\n\n<p>Se realizar\u00e1n inspecciones t\u00e9cnicas y acciones correctivas en diversos componentes del sistema. Entre las principales actividades se encuentran:<br><\/p>\n\n\n\n<p>Inspecci\u00f3n mayor general a la l\u00ednea y la estructura Leitner;<br><\/p>\n\n\n\n<p>Cambio de rodamientos y aceite en poleas motrices;<br><\/p>\n\n\n\n<p>Limpieza detallada del motor principal para eliminar acumulaciones de polvo y grasa;<br><\/p>\n\n\n\n<p>Mantenimiento del sistema refrigerante del motor;<br><\/p>\n\n\n\n<p>Servicio preventivo a todos los accionamientos auxiliares;<br><\/p>\n\n\n\n<p>Cambio de aceite de la polea de retorno y filtraci\u00f3n del aceite hidr\u00e1ulico de las centrales de tensi\u00f3n;<br><\/p>\n\n\n\n<p>Mantenimiento general a edificios, tableros electr\u00f3nicos, sistemas contra incendios, equipos inform\u00e1ticos y de recaudo;<br><\/p>\n\n\n\n<p>Servicio profundo a c\u00e1maras de videovigilancia, pantallas y bocinas.<br><\/p>\n\n\n\n<p>Finalmente, Daniel Sibaja Gonz\u00e1lez exhort\u00f3 a las personas usuarias a tomar precauciones y considerar v\u00edas alternas durante este periodo, al tiempo que agradeci\u00f3 su comprensi\u00f3n y colaboraci\u00f3n.<br><\/p>\n\n\n\n<p>La L\u00ednea 1 del Mexicable cuenta con siete estaciones y se interconecta con la L\u00ednea IV del Mexib\u00fas en la estaci\u00f3n Santa Clara, y con la L\u00ednea 2 o Verde del Mexicable en la estaci\u00f3n Hank Gonz\u00e1lez, lo que permite una mayor cobertura de movilidad para las y los mexiquenses.<\/p>\n","protected":false},"excerpt":{"rendered":"<p>-Los trabajos se realizan del 13 al 27 de julio para mantener los m\u00e1s altos est\u00e1ndares de seguridad, eficiencia y calidad del servicio. Con el objetivo de garantizar un servicio seguro, eficiente y de calidad para las y los usuarios, la Secretar\u00eda de Movilidad (Semov) del Gobierno del Estado de M\u00e9xico informa que del 13 [&hellip;]<\/p>\n","protected":false},"author":1,"featured_media":88413,"comment_status":"closed","ping_status":"closed","sticky":false,"template":"","format":"standard","meta":{"footnotes":""},"categories":[36],"tags":[],"class_list":["post-88412","post","type-post","status-publish","format-standard","has-post-thumbnail","hentry","category-edomex"],"_links":{"self":[{"href":"https:\/\/elinformante.mx\/index.php?rest_route=\/wp\/v2\/posts\/88412","targetHints":{"allow":["GET"]}}],"collection":[{"href":"https:\/\/elinformante.mx\/index.php?rest_route=\/wp\/v2\/posts"}],"about":[{"href":"https:\/\/elinformante.mx\/index.php?rest_route=\/wp\/v2\/types\/post"}],"author":[{"embeddable":true,"href":"https:\/\/elinformante.mx\/index.php?rest_route=\/wp\/v2\/users\/1"}],"replies":[{"embeddable":true,"href":"https:\/\/elinformante.mx\/index.php?rest_route=%2Fwp%2Fv2%2Fcomments&post=88412"}],"version-history":[{"count":0,"href":"https:\/\/elinformante.mx\/index.php?rest_route=\/wp\/v2\/posts\/88412\/revisions"}],"wp:featuredmedia":[{"embeddable":true,"href":"https:\/\/elinformante.mx\/index.php?rest_route=\/wp\/v2\/media\/88413"}],"wp:attachment":[{"href":"https:\/\/elinformante.mx\/index.php?rest_route=%2Fwp%2Fv2%2Fmedia&parent=88412"}],"wp:term":[{"taxonomy":"category","embeddable":true,"href":"https:\/\/elinformante.mx\/index.php?rest_route=%2Fwp%2Fv2%2Fcategories&post=88412"},{"taxonomy":"post_tag","embeddable":true,"href":"https:\/\/elinformante.mx\/index.php?rest_route=%2Fwp%2Fv2%2Ftags&post=88412"}],"curies":[{"name":"wp","href":"https:\/\/api.w.org\/{rel}","templated":true}]}}