{"id":88431,"date":"2025-07-17T07:21:47","date_gmt":"2025-07-17T13:21:47","guid":{"rendered":"https:\/\/elinformante.mx\/?p=88431"},"modified":"2025-07-25T13:40:25","modified_gmt":"2025-07-25T19:40:25","slug":"presenta-clara-brugada-acciones-para-evitar-la-gentrificacion","status":"publish","type":"post","link":"https:\/\/elinformante.mx\/?p=88431","title":{"rendered":"Presenta Clara Brugada acciones para evitar la gentrificaci\u00f3n"},"content":{"rendered":"\n<figure class=\"wp-block-pullquote\"><blockquote><p>-El objetivo principal es estabilizar las rentas, garantizar el derecho a la vivienda adecuada y defender el derecho a la ciudad, expuso la mandataria capitalina<\/p><\/blockquote><\/figure>\n\n\n\n<p class=\"has-drop-cap\">La Jefa de Gobierno de la Ciudad de M\u00e9xico, Clara Brugada Molina, present\u00f3 el Bando 1: Por una Ciudad Habitable y Asequible con Identidad y Arraigo local, que consiste en 14 acciones para evitar los fen\u00f3menos de gentrificaci\u00f3n, expulsi\u00f3n de habitantes y negocios locales por otros de mayor poder adquisitivo y encarecimiento desmedido de las rentas, para lo cual anunci\u00f3 el arranque tambi\u00e9n de un proceso de participaci\u00f3n ciudadana con todos los sectores involucrados.<br><\/p>\n\n\n\n<p>Ante habitantes de diversas colonias, acad\u00e9micos, organizaciones civiles, legisladores, alcaldesas, alcaldes e integrantes del gabinete, la mandataria capitalina anunci\u00f3 las 14 acciones y estrategias que integran este documento normativo.<br><\/p>\n\n\n\n<p>En materia de arrendamiento, mencion\u00f3, las rentas habitacionales no podr\u00e1n tener un aumento mayor a la inflaci\u00f3n reportada el a\u00f1o anterior, como lo indica el art\u00edculo 2448 del C\u00f3digo Civil, y se va a establecer el \u00cdndice de precios de alquiler razonable, para estabilizar las rentas en zonas de presi\u00f3n inmobiliaria.<br><\/p>\n\n\n\n<p>Se\u00f1al\u00f3 que entre estas medidas est\u00e1n el fortalecimiento de la regulaci\u00f3n de la renta de viviendas en ocupaciones de corta estancia y en plataformas de alojamiento temporal; creaci\u00f3n de la Defensor\u00eda de los Derechos Inquilinarios y presentaci\u00f3n de la propuesta de Ley de Rentas Justas y Asequibles. Para esta \u00faltima, el gobierno capitalino convocar\u00e1 a un amplio proceso de discusi\u00f3n ciudadana en foros, conversatorios, di\u00e1logos sociales y comunitarios; asimismo, el Congreso de la Ciudad de M\u00e9xico garantizar\u00e1 todas las discusiones necesarias.<br><\/p>\n\n\n\n<p>Clara Brugada resalt\u00f3 que el sexto punto del bando consiste en el impulso a la vivienda social, priorizando la producci\u00f3n de vivienda p\u00fablica en la ciudad central y en las zonas de tensi\u00f3n inmobiliaria. Para este fin se emitir\u00e1 un acuerdo de facilidades administrativas que permitan una mayor eficacia y acorten los tiempos de construcci\u00f3n. Esta pol\u00edtica se desarrollar\u00e1 en estricta armon\u00eda con el entorno urbano, dijo.<br><\/p>\n\n\n\n<p>El octavo rubro es la ampliaci\u00f3n e impulso del programa de vivienda p\u00fablica en renta para sectores prioritarios; el noveno es la ampliaci\u00f3n del programa de vivienda nueva progresiva, y el d\u00e9cimo es la creaci\u00f3n del Plan Maestro de Planeaci\u00f3n para abatir las desigualdades en las zonas de presi\u00f3n inmobiliaria.<br><\/p>\n\n\n\n<p>El Bando tambi\u00e9n plantea el impulso del Programa de Arraigo Comunitario, Protecci\u00f3n y Preservaci\u00f3n del Espacio P\u00fablico y del Patrimonio Hist\u00f3rico, Cultural y Art\u00edstico; un programa especial de est\u00edmulos a comercios locales; promoci\u00f3n de una gesti\u00f3n democr\u00e1tica y participativa en el territorio, y, por \u00faltimo, la creaci\u00f3n del Observatorio de Suelo y Vivienda.<br><\/p>\n\n\n\n<p>Clara Brugada explic\u00f3 que la gentrificaci\u00f3n es un proceso de transformaci\u00f3n y exclusi\u00f3n social donde las personas con menores recursos son desplazadas por otras con mayor nivel econ\u00f3mico, y esta situaci\u00f3n se agrava por la especulaci\u00f3n inmobiliaria que eleva los costos del suelo urbano. La emisi\u00f3n de este Primer Bando de Gobierno considera que la justicia habitacional debe ser un principio fundamental para la ciudad, puntualiz\u00f3.<br><\/p>\n\n\n\n<p>La Jefa de Gobierno record\u00f3 que en la actualidad hay poco m\u00e1s de 2.7 millones de viviendas en la capital, sin embargo, han sido insuficientes para resolver el problema del acceso a una vivienda digna y 60 por ciento de la poblaci\u00f3n vive en hacinamiento, mientras que hay zonas donde los precios de las rentas se duplicaron de un a\u00f1o a otro sin justificaci\u00f3n objetiva.<br><\/p>\n\n\n\n<p>Se\u00f1al\u00f3 que la ciudad no debe ser un privilegio de unos cuantos, sino un derecho garantizado para todas las personas, y convoc\u00f3 a construir una gran alianza en defensa de la comunidad, por lo que declar\u00f3 abiertos los procesos de discusi\u00f3n y debate con todos los sectores, incluidos los grupos que se han manifestado contra la gentrificaci\u00f3n.<\/p>\n","protected":false},"excerpt":{"rendered":"<p>-El objetivo principal es estabilizar las rentas, garantizar el derecho a la vivienda adecuada y defender el derecho a la ciudad, expuso la mandataria capitalina La Jefa de Gobierno de la Ciudad de M\u00e9xico, Clara Brugada Molina, present\u00f3 el Bando 1: Por una Ciudad Habitable y Asequible con Identidad y Arraigo local, que consiste en [&hellip;]<\/p>\n","protected":false},"author":1,"featured_media":88432,"comment_status":"closed","ping_status":"closed","sticky":false,"template":"","format":"standard","meta":{"footnotes":""},"categories":[35,30],"tags":[],"class_list":["post-88431","post","type-post","status-publish","format-standard","has-post-thumbnail","hentry","category-cdmx","category-destacado"],"_links":{"self":[{"href":"https:\/\/elinformante.mx\/index.php?rest_route=\/wp\/v2\/posts\/88431","targetHints":{"allow":["GET"]}}],"collection":[{"href":"https:\/\/elinformante.mx\/index.php?rest_route=\/wp\/v2\/posts"}],"about":[{"href":"https:\/\/elinformante.mx\/index.php?rest_route=\/wp\/v2\/types\/post"}],"author":[{"embeddable":true,"href":"https:\/\/elinformante.mx\/index.php?rest_route=\/wp\/v2\/users\/1"}],"replies":[{"embeddable":true,"href":"https:\/\/elinformante.mx\/index.php?rest_route=%2Fwp%2Fv2%2Fcomments&post=88431"}],"version-history":[{"count":0,"href":"https:\/\/elinformante.mx\/index.php?rest_route=\/wp\/v2\/posts\/88431\/revisions"}],"wp:featuredmedia":[{"embeddable":true,"href":"https:\/\/elinformante.mx\/index.php?rest_route=\/wp\/v2\/media\/88432"}],"wp:attachment":[{"href":"https:\/\/elinformante.mx\/index.php?rest_route=%2Fwp%2Fv2%2Fmedia&parent=88431"}],"wp:term":[{"taxonomy":"category","embeddable":true,"href":"https:\/\/elinformante.mx\/index.php?rest_route=%2Fwp%2Fv2%2Fcategories&post=88431"},{"taxonomy":"post_tag","embeddable":true,"href":"https:\/\/elinformante.mx\/index.php?rest_route=%2Fwp%2Fv2%2Ftags&post=88431"}],"curies":[{"name":"wp","href":"https:\/\/api.w.org\/{rel}","templated":true}]}}