{"id":88440,"date":"2025-07-17T07:44:47","date_gmt":"2025-07-17T13:44:47","guid":{"rendered":"https:\/\/elinformante.mx\/?p=88440"},"modified":"2025-07-25T13:40:20","modified_gmt":"2025-07-25T19:40:20","slug":"se-fortalecera-la-educacion-ambiental-con-convenio-de-colaboracion-sep-semarnat","status":"publish","type":"post","link":"https:\/\/elinformante.mx\/?p=88440","title":{"rendered":"Se fortalecer\u00e1 la educaci\u00f3n ambiental con convenio de colaboraci\u00f3n SEP-Semarnat"},"content":{"rendered":"\n<figure class=\"wp-block-pullquote\"><blockquote><p>El documento fue signado por la secretaria de Medio Ambiente y Recursos Naturales, Alicia B\u00e1rcena Ibarra y el secretario de Educaci\u00f3n P\u00fablica, Mario Delgado Carrillo<\/p><\/blockquote><\/figure>\n\n\n\n<p class=\"has-drop-cap\">En el marco de la conclusi\u00f3n del ciclo escolar 2024\u20132025 el documento fue signado por la secretaria de Medio Ambiente y Recursos Naturales, Alicia B\u00e1rcena Ibarra y el secretario de Educaci\u00f3n P\u00fablica, Mario Delgado Carrillo<br><\/p>\n\n\n\n<p>El acuerdo fomenta a seguir formando una conciencia ambiental en las nuevas generaciones del pa\u00eds: secretario de Educaci\u00f3n P\u00fablica<br><\/p>\n\n\n\n<p>En el marco de la conclusi\u00f3n del ciclo escolar 2024\u20132025 en las instalaciones de la escuela, Secundaria Diurna No. 51 \u201cProfesor Carlos Ben\u00edtez Delorme\u201d la Ciudad de M\u00e9xico, la secretaria de Medio Ambiente y Recursos Naturales, Alicia B\u00e1rcena Ibarra, y el secretario de Educaci\u00f3n P\u00fablica, Mario Delgado Carrillo, firmaron un Convenio Marco de Colaboraci\u00f3n con el objetivo de articular esfuerzos institucionales para fortalecer la educaci\u00f3n ambiental en todos los niveles del Sistema Educativo Nacional (SEN) como parte de la Nueva Escuela Mexicana (NEM), impulsada por la Presidenta Claudia Sheinbaum Pardo.<br><\/p>\n\n\n\n<p>Este instrumento, que fue signado por primera vez en un plantel escolar tiene como objetivo principal desarrollar una educaci\u00f3n ambiental integral con enfoque territorial y pertinencia cultural en todos los niveles educativos, incorpora principios de interculturalidad, justicia socioambiental e igualdad, al tiempo que fortalece la educaci\u00f3n ind\u00edgena e intercultural desde una perspectiva de sustentabilidad, e impulsa proyectos comunitarios orientados a la reforestaci\u00f3n, la restauraci\u00f3n ecol\u00f3gica y la conservaci\u00f3n de la biodiversidad.<br><\/p>\n\n\n\n<p>Asimismo, promueve la gesti\u00f3n del agua y la adaptaci\u00f3n al cambio clim\u00e1tico y reconoce el valor del patrimonio biocultural como eje formativo en las comunidades escolares del pa\u00eds.<br><\/p>\n\n\n\n<p>La titular del sector ambiental federal se\u00f1al\u00f3 necesitamos un nuevo paradigma para proteger nuestros recursos naturales, somos uno de los 17 pa\u00edses en todo el mundo que tienen la mayor biodiversidad, tenemos adem\u00e1s una capacidad enorme en nuestros bosques, el 70% de los bosques est\u00e1n en nuestro pa\u00eds, son bosques templados, manglares, selvas y por eso es tan importante que podamos trabajar con ustedes, espero que ustedes sean nuestros mejores aliados para que nos ayuden a no contaminar.<br><\/p>\n\n\n\n<p>En presencia de alumnas, alumnos, maestras, maestros, madres y padres de familia, el secretario de Educaci\u00f3n P\u00fablica, Mario Delgado Carrillo, afirm\u00f3 que el convenio tiene como objetivo seguir formando una conciencia ambiental en las nuevas generaciones del pa\u00eds, una tarea que ya es parte fundamental de la NEM.<br><\/p>\n\n\n\n<p>Eel titular de la SEP asegur\u00f3 que en las manos de la comunidad educativa est\u00e1n las llaves de un futuro en el que M\u00e9xico puede encabezar una revoluci\u00f3n, al ense\u00f1ar que existen nuevas formas de relacionarnos con el medio ambiente y de contribuir a su preservaci\u00f3n.<br><\/p>\n\n\n\n<p>El Gobierno de M\u00e9xico, a trav\u00e9s de la SEP y la Semarnat, reafirma su compromiso con una educaci\u00f3n ambiental que contribuya al bienestar de las generaciones presentes y futuras, en armon\u00eda, con visi\u00f3n de derechos humanos, intercultural, \u00e9tica y respetuosa con nuestro patrimonio biocultural.<\/p>\n","protected":false},"excerpt":{"rendered":"<p>El documento fue signado por la secretaria de Medio Ambiente y Recursos Naturales, Alicia B\u00e1rcena Ibarra y el secretario de Educaci\u00f3n P\u00fablica, Mario Delgado Carrillo En el marco de la conclusi\u00f3n del ciclo escolar 2024\u20132025 el documento fue signado por la secretaria de Medio Ambiente y Recursos Naturales, Alicia B\u00e1rcena Ibarra y el secretario de [&hellip;]<\/p>\n","protected":false},"author":1,"featured_media":88441,"comment_status":"closed","ping_status":"closed","sticky":false,"template":"","format":"standard","meta":{"footnotes":""},"categories":[34],"tags":[],"class_list":["post-88440","post","type-post","status-publish","format-standard","has-post-thumbnail","hentry","category-nacional"],"_links":{"self":[{"href":"https:\/\/elinformante.mx\/index.php?rest_route=\/wp\/v2\/posts\/88440","targetHints":{"allow":["GET"]}}],"collection":[{"href":"https:\/\/elinformante.mx\/index.php?rest_route=\/wp\/v2\/posts"}],"about":[{"href":"https:\/\/elinformante.mx\/index.php?rest_route=\/wp\/v2\/types\/post"}],"author":[{"embeddable":true,"href":"https:\/\/elinformante.mx\/index.php?rest_route=\/wp\/v2\/users\/1"}],"replies":[{"embeddable":true,"href":"https:\/\/elinformante.mx\/index.php?rest_route=%2Fwp%2Fv2%2Fcomments&post=88440"}],"version-history":[{"count":0,"href":"https:\/\/elinformante.mx\/index.php?rest_route=\/wp\/v2\/posts\/88440\/revisions"}],"wp:featuredmedia":[{"embeddable":true,"href":"https:\/\/elinformante.mx\/index.php?rest_route=\/wp\/v2\/media\/88441"}],"wp:attachment":[{"href":"https:\/\/elinformante.mx\/index.php?rest_route=%2Fwp%2Fv2%2Fmedia&parent=88440"}],"wp:term":[{"taxonomy":"category","embeddable":true,"href":"https:\/\/elinformante.mx\/index.php?rest_route=%2Fwp%2Fv2%2Fcategories&post=88440"},{"taxonomy":"post_tag","embeddable":true,"href":"https:\/\/elinformante.mx\/index.php?rest_route=%2Fwp%2Fv2%2Ftags&post=88440"}],"curies":[{"name":"wp","href":"https:\/\/api.w.org\/{rel}","templated":true}]}}