{"id":88450,"date":"2025-07-17T07:55:13","date_gmt":"2025-07-17T13:55:13","guid":{"rendered":"https:\/\/elinformante.mx\/?p=88450"},"modified":"2025-07-25T13:40:12","modified_gmt":"2025-07-25T19:40:12","slug":"inaugura-fernando-flores-reencarpetado-de-2-2-km-en-metepec","status":"publish","type":"post","link":"https:\/\/elinformante.mx\/?p=88450","title":{"rendered":"Inaugura Fernando Flores reencarpetado de 2.2 km en Metepec"},"content":{"rendered":"\n<figure class=\"wp-block-pullquote\"><blockquote><p>En el acto, ante decenas de vecinos, el edil afirm\u00f3 que Metepec sigue en ruta de mejora continua.<\/p><\/blockquote><\/figure>\n\n\n\n<p class=\"has-drop-cap\">El presidente municipal de Metepec, Fernando Flores Fern\u00e1ndez encabez\u00f3 la entrega del reencarpetado de la calle Jos\u00e9 Mar\u00eda Morelos Pav\u00f3n, v\u00eda de 2.2 kil\u00f3metros de extensi\u00f3n que va desde la cabecera municipal hasta la vialidad Las Torres en el fraccionamiento Fuentes de San Gabriel.<br><\/p>\n\n\n\n<figure class=\"wp-block-image size-large\"><img fetchpriority=\"high\" decoding=\"async\" width=\"1024\" height=\"506\" src=\"https:\/\/elinformante.mx\/wp-content\/uploads\/2025\/07\/8fernando-4-1024x506.jpg\" alt=\"\" class=\"wp-image-88454\" srcset=\"https:\/\/elinformante.mx\/wp-content\/uploads\/2025\/07\/8fernando-4-1024x506.jpg 1024w, https:\/\/elinformante.mx\/wp-content\/uploads\/2025\/07\/8fernando-4-300x148.jpg 300w, https:\/\/elinformante.mx\/wp-content\/uploads\/2025\/07\/8fernando-4-768x379.jpg 768w, https:\/\/elinformante.mx\/wp-content\/uploads\/2025\/07\/8fernando-4.jpg 1140w\" sizes=\"(max-width: 1024px) 100vw, 1024px\" \/><\/figure>\n\n\n\n<p>La obra, se\u00f1alo Flores Fern\u00e1ndez, tuvo una inversi\u00f3n superior a los 17 millones de pesos de recursos propios, y forma parte de la estrategia permanente del gobierno de Metepec para mejorar la superficie de rodamiento en todo el municipio, eliminando paralelamente baches con moderna y eficaz infraestructura.<br><\/p>\n\n\n\n<p>Esta obra beneficiar\u00e1 a m\u00e1s de 20 mil vecinos y usuarios, logrando que la calle sea ahora m\u00e1s segura, recalcando, que esta v\u00eda es una muestra de estrat\u00e9gica de movilidad y conectividad que genera ahorro en tiempos de traslado y combustible.<br><\/p>\n\n\n\n<figure class=\"wp-block-image size-large\"><img decoding=\"async\" width=\"1024\" height=\"506\" src=\"https:\/\/elinformante.mx\/wp-content\/uploads\/2025\/07\/8fernando-3-1024x506.jpg\" alt=\"\" class=\"wp-image-88453\" srcset=\"https:\/\/elinformante.mx\/wp-content\/uploads\/2025\/07\/8fernando-3-1024x506.jpg 1024w, https:\/\/elinformante.mx\/wp-content\/uploads\/2025\/07\/8fernando-3-300x148.jpg 300w, https:\/\/elinformante.mx\/wp-content\/uploads\/2025\/07\/8fernando-3-768x379.jpg 768w, https:\/\/elinformante.mx\/wp-content\/uploads\/2025\/07\/8fernando-3.jpg 1140w\" sizes=\"(max-width: 1024px) 100vw, 1024px\" \/><\/figure>\n\n\n\n<p>Esta acci\u00f3n forma parte de los trabajos permanentes del gobierno de Metepec para mejorar la superficie de rodamiento en toda la demarcaci\u00f3n, eliminando paralelamente baches con moderna y eficaz infraestructura.<br><\/p>\n\n\n\n<p>Flores Fern\u00e1ndez en muchas ocasiones, ha reiterado que su gobierno le ha declarado la guerra a los baches mediante un plan general y un trabajo de reencarpetado, con acciones de alto rendimiento, se\u00f1alando que la falta de atenci\u00f3n en calles y avenidas por a\u00f1os ha lastimado a los usuarios.<br><\/p>\n\n\n\n<figure class=\"wp-block-image size-large\"><img decoding=\"async\" width=\"1024\" height=\"506\" src=\"https:\/\/elinformante.mx\/wp-content\/uploads\/2025\/07\/8fernando-2-1024x506.jpg\" alt=\"\" class=\"wp-image-88452\" srcset=\"https:\/\/elinformante.mx\/wp-content\/uploads\/2025\/07\/8fernando-2-1024x506.jpg 1024w, https:\/\/elinformante.mx\/wp-content\/uploads\/2025\/07\/8fernando-2-300x148.jpg 300w, https:\/\/elinformante.mx\/wp-content\/uploads\/2025\/07\/8fernando-2-768x379.jpg 768w, https:\/\/elinformante.mx\/wp-content\/uploads\/2025\/07\/8fernando-2.jpg 1140w\" sizes=\"(max-width: 1024px) 100vw, 1024px\" \/><\/figure>\n\n\n\n<p>Destac\u00f3 que su gobierno asume a cabalidad los problemas para resolverlos con firme compromiso, a fin de seguir siendo Metepec de los mejores municipios de la entidad.<br><\/p>\n\n\n\n<p>En el acto, ante decenas de vecinos, el edil inform\u00f3 que est\u00e1 avanzado el acuerdo con la Junta de Caminos para intervenir v\u00edas de jurisdicci\u00f3n estatal, por lo que Metepec, afirm\u00f3, sigue en ruta de mejora continua.<\/p>\n","protected":false},"excerpt":{"rendered":"<p>En el acto, ante decenas de vecinos, el edil afirm\u00f3 que Metepec sigue en ruta de mejora continua. El presidente municipal de Metepec, Fernando Flores Fern\u00e1ndez encabez\u00f3 la entrega del reencarpetado de la calle Jos\u00e9 Mar\u00eda Morelos Pav\u00f3n, v\u00eda de 2.2 kil\u00f3metros de extensi\u00f3n que va desde la cabecera municipal hasta la vialidad Las Torres [&hellip;]<\/p>\n","protected":false},"author":1,"featured_media":88451,"comment_status":"closed","ping_status":"closed","sticky":false,"template":"","format":"standard","meta":{"footnotes":""},"categories":[30,36,31],"tags":[46],"class_list":["post-88450","post","type-post","status-publish","format-standard","has-post-thumbnail","hentry","category-destacado","category-edomex","category-portada","tag-portadaedomex"],"_links":{"self":[{"href":"https:\/\/elinformante.mx\/index.php?rest_route=\/wp\/v2\/posts\/88450","targetHints":{"allow":["GET"]}}],"collection":[{"href":"https:\/\/elinformante.mx\/index.php?rest_route=\/wp\/v2\/posts"}],"about":[{"href":"https:\/\/elinformante.mx\/index.php?rest_route=\/wp\/v2\/types\/post"}],"author":[{"embeddable":true,"href":"https:\/\/elinformante.mx\/index.php?rest_route=\/wp\/v2\/users\/1"}],"replies":[{"embeddable":true,"href":"https:\/\/elinformante.mx\/index.php?rest_route=%2Fwp%2Fv2%2Fcomments&post=88450"}],"version-history":[{"count":0,"href":"https:\/\/elinformante.mx\/index.php?rest_route=\/wp\/v2\/posts\/88450\/revisions"}],"wp:featuredmedia":[{"embeddable":true,"href":"https:\/\/elinformante.mx\/index.php?rest_route=\/wp\/v2\/media\/88451"}],"wp:attachment":[{"href":"https:\/\/elinformante.mx\/index.php?rest_route=%2Fwp%2Fv2%2Fmedia&parent=88450"}],"wp:term":[{"taxonomy":"category","embeddable":true,"href":"https:\/\/elinformante.mx\/index.php?rest_route=%2Fwp%2Fv2%2Fcategories&post=88450"},{"taxonomy":"post_tag","embeddable":true,"href":"https:\/\/elinformante.mx\/index.php?rest_route=%2Fwp%2Fv2%2Ftags&post=88450"}],"curies":[{"name":"wp","href":"https:\/\/api.w.org\/{rel}","templated":true}]}}