{"id":88616,"date":"2025-07-21T07:07:02","date_gmt":"2025-07-21T13:07:02","guid":{"rendered":"https:\/\/elinformante.mx\/?p=88616"},"modified":"2025-07-25T13:39:00","modified_gmt":"2025-07-25T19:39:00","slug":"ieem-difunde-guia-para-la-atencion-de-las-personas-lgbttti","status":"publish","type":"post","link":"https:\/\/elinformante.mx\/?p=88616","title":{"rendered":"IEEM difunde gu\u00eda para la atenci\u00f3n de las personas LGBTTTI+"},"content":{"rendered":"\n<figure class=\"wp-block-pullquote\"><blockquote><p>-Este documento abona a la defensa de los Derechos Humanos.<\/p><\/blockquote><\/figure>\n\n\n\n<p class=\"has-drop-cap\">En las instalaciones del Instituto Electoral del Estado de M\u00e9xico (IEEM) se present\u00f3 la Gu\u00eda para la atenci\u00f3n de las personas LGBTTTI+ en \u00e1reas de administraci\u00f3n p\u00fablica del Estado de M\u00e9xico, a cargo de Bel\u00e9n Benhumea Bahena, subdirectora de Atenci\u00f3n a la Discriminaci\u00f3n de la Comisi\u00f3n de Derechos Humanos del Estado de M\u00e9xico (CODHEM).<br><\/p>\n\n\n\n<p>Benhumea Bahena indic\u00f3 que el documento es resultado de un trabajo coordinado entre diferentes \u00e1reas de la CODHEM y personas activistas, convirti\u00e9ndose en una herramienta pionera en el Estado de M\u00e9xico para el ejercicio del servicio p\u00fablico; est\u00e1 enfocada en realizar recomendaciones en los \u00e1mbitos de salud, seguridad y educaci\u00f3n con el objetivo de concientizar a las y los funcionarios sobre el trato digno que deben recibir las personas LGBTTTI+ al momento de acercarse a solicitar alg\u00fan servicio.<br><\/p>\n\n\n\n<p>Se\u00f1al\u00f3 que el dise\u00f1o y propuesta del documento muestra una gu\u00eda general que abarca los tres sectores mencionados de manera esquem\u00e1tica y pr\u00e1ctica, para despu\u00e9s focalizarse en cada uno de ellos, donde se explican categor\u00edas clave de acuerdo al rubro y formas de comunicaci\u00f3n efectiva e inclusiva.<br><\/p>\n\n\n\n<p>Expres\u00f3 que la gu\u00eda busca identificar y aportar elementos de posible discriminaci\u00f3n, que ejerzan algunas y algunos servidores p\u00fablicos hacia la poblaci\u00f3n de diversidad sexual y de g\u00e9nero, ya sea expl\u00edcita, como la negativa aofrecer alg\u00fan servicio; o impl\u00edcita como, gestos, postura corporal o no respetar los pronombres neutros, como elle.<br><\/p>\n\n\n\n<p>La Consejera Electoral y Presidenta de la Comisi\u00f3n de Igualdad de G\u00e9nero y No Discriminaci\u00f3n, Flor Angeli Vieyra V\u00e1zquez, agradeci\u00f3 a la Unidad Coordinadora de G\u00e9nero (UCG) por la realizaci\u00f3n de esta exposici\u00f3n, pues conocer esta gu\u00eda sirve para abonar la defensa de los Derechos Humanos, sobre todo en el \u00e1mbito que corresponde a la materia electoral.<br><\/p>\n\n\n\n<p>A trav\u00e9s de estas acciones, el IEEM reafirma su compromiso con una sociedad libre de discriminaci\u00f3n. Al evento tambi\u00e9n asisti\u00f3 la Consejera Electoral, Patricia Lozano Sanabria y fue moderado por Susana Munguia Fern\u00e1ndez, Jefa de la UCG.<\/p>\n","protected":false},"excerpt":{"rendered":"<p>-Este documento abona a la defensa de los Derechos Humanos. En las instalaciones del Instituto Electoral del Estado de M\u00e9xico (IEEM) se present\u00f3 la Gu\u00eda para la atenci\u00f3n de las personas LGBTTTI+ en \u00e1reas de administraci\u00f3n p\u00fablica del Estado de M\u00e9xico, a cargo de Bel\u00e9n Benhumea Bahena, subdirectora de Atenci\u00f3n a la Discriminaci\u00f3n de la [&hellip;]<\/p>\n","protected":false},"author":1,"featured_media":88617,"comment_status":"closed","ping_status":"closed","sticky":false,"template":"","format":"standard","meta":{"footnotes":""},"categories":[36],"tags":[],"class_list":["post-88616","post","type-post","status-publish","format-standard","has-post-thumbnail","hentry","category-edomex"],"_links":{"self":[{"href":"https:\/\/elinformante.mx\/index.php?rest_route=\/wp\/v2\/posts\/88616","targetHints":{"allow":["GET"]}}],"collection":[{"href":"https:\/\/elinformante.mx\/index.php?rest_route=\/wp\/v2\/posts"}],"about":[{"href":"https:\/\/elinformante.mx\/index.php?rest_route=\/wp\/v2\/types\/post"}],"author":[{"embeddable":true,"href":"https:\/\/elinformante.mx\/index.php?rest_route=\/wp\/v2\/users\/1"}],"replies":[{"embeddable":true,"href":"https:\/\/elinformante.mx\/index.php?rest_route=%2Fwp%2Fv2%2Fcomments&post=88616"}],"version-history":[{"count":0,"href":"https:\/\/elinformante.mx\/index.php?rest_route=\/wp\/v2\/posts\/88616\/revisions"}],"wp:featuredmedia":[{"embeddable":true,"href":"https:\/\/elinformante.mx\/index.php?rest_route=\/wp\/v2\/media\/88617"}],"wp:attachment":[{"href":"https:\/\/elinformante.mx\/index.php?rest_route=%2Fwp%2Fv2%2Fmedia&parent=88616"}],"wp:term":[{"taxonomy":"category","embeddable":true,"href":"https:\/\/elinformante.mx\/index.php?rest_route=%2Fwp%2Fv2%2Fcategories&post=88616"},{"taxonomy":"post_tag","embeddable":true,"href":"https:\/\/elinformante.mx\/index.php?rest_route=%2Fwp%2Fv2%2Ftags&post=88616"}],"curies":[{"name":"wp","href":"https:\/\/api.w.org\/{rel}","templated":true}]}}