{"id":88696,"date":"2025-07-22T06:01:56","date_gmt":"2025-07-22T12:01:56","guid":{"rendered":"https:\/\/elinformante.mx\/?p=88696"},"modified":"2025-07-25T14:03:15","modified_gmt":"2025-07-25T20:03:15","slug":"keylor-navas-sera-portero-de-los-pumas","status":"publish","type":"post","link":"https:\/\/elinformante.mx\/?p=88696","title":{"rendered":"Keylor Navas ser\u00e1 portero de los Pumas"},"content":{"rendered":"\n<figure class=\"wp-block-pullquote\"><blockquote><p>Keylor Navas naci\u00f3 en P\u00e9rez Zeled\u00f3n, Costa Rica, el 15 de diciembre de 1986, por lo que cumplir\u00e1 39 a\u00f1os al cierre del torneo Apertura 2025 de Liga MX.<\/p><\/blockquote><\/figure>\n\n\n\n<p class=\"has-drop-cap\">El portero costarricense Keylor Navas, ahora ex portero de Real Madrid y Par\u00eds Saint-Germain (PSG), ser\u00e1 el nuevo fichaje bomba de la Liga MX, tras vincularse a Pumas por 2 millones de d\u00f3lares.<br><\/p>\n\n\n\n<p>Esto fue se\u00f1alado mediante un comunicado Newell\u2019s Old Boys, equipo argentino que fue el \u00faltimo en el que Navas particip\u00f3, aunque Club Universidad no emiti\u00f3 una postura oficial a la brevedad.<br><\/p>\n\n\n\n<p>\u201cEl Club Atl\u00e9tico Newell\u2019s Old Boys informa a sus socios, socias e hinchas que el futbolista Keylor Navas ya no forma parte del plantel profesional y continuar\u00e1 su carrera en Pumas de M\u00e9xico. El acuerdo le representar\u00e1 a Newell\u2019s Old Boys una compensaci\u00f3n econ\u00f3mica por valor de 1.9 millones de d\u00f3lares, m\u00e1s 100,000 en variables a cargo de Pumas, llegando as\u00ed a los 2 millones\u201d, se\u00f1al\u00f3 el comunicado, visible a todo p\u00fablico en redes sociales.<br><\/p>\n\n\n\n<p>Newell\u2019s dej\u00f3 entrever que la salida de Navas no fue de la mejor manera, en un momento en el que afrontan la tercera jornada de la liga Argentina y octavos de final de la Copa Santa Fe.<br><\/p>\n\n\n\n<p>En el comunicado se puede leer que esta decisi\u00f3n ha sido tomada en funci\u00f3n de la convicci\u00f3n de sostener un proyecto colectivo donde el compromiso, profesionalidad y respeto por los valores del club son pilares innegociables. Creemos firmemente que para alcanzar nuestros objetivos deportivos y humanos es indispensable que cada integrante camine en la misma direcci\u00f3n, priorizando siempre lo grupal sobre lo individual\u201d.<br><\/p>\n\n\n\n<p>Keylor Navas naci\u00f3 en P\u00e9rez Zeled\u00f3n, Costa Rica, el 15 de diciembre de 1986, por lo que cumplir\u00e1 39 a\u00f1os al cierre del torneo Apertura 2025 de Liga MX.<br><\/p>\n\n\n\n<p>Sus atajadas en el m\u00e1ximo torneo de la FIFA llamaron la atenci\u00f3n del poderoso Real Madrid, que pag\u00f3 10 millones de euros para tenerlo en sus filas por cinco temporadas. En ese lapso, con entrenadores como Carlo Ancelotti y Zinedine Zidane, gan\u00f3 tres veces la UEFA Champions League y cuatro el Mundiales de Clubes, consagr\u00e1ndose como uno de los mejores porteros del planeta.<br><\/p>\n\n\n\n<p>Su contrato con PSG termin\u00f3 en verano de 2024 y, despu\u00e9s de seis meses inactivo, recal\u00f3 en Newell\u2019s Old Boys de Argentina, donde disput\u00f3 16 partidos.<br><\/p>\n\n\n\n<p>El siguiente paso es Pumas, donde llega con etiqueta de \u00eddolo y en una posici\u00f3n con urgencia. Y es que el que iba a ser el portero titular, \u00c1lex Padilla, regres\u00f3 de \u00faltimo minuto a Athletic de Bilbao, equipo espa\u00f1ol que es due\u00f1o de su carta. El juvenil Rodrigo Parra tom\u00f3 el cargo pero en dos partidos cometi\u00f3 errores que le valieron derrotas a los dirigidos por Efra\u00edn Ju\u00e1rez.<br><\/p>\n\n\n\n<p>El \u00fanico obst\u00e1culo, hasta el momento, es que Pumas ya tiene completas sus nueve plazas de no formados en M\u00e9xico (NFM) en su plantel con Rub\u00e9n Duarte, Nathan Silva, \u00c1lvaro Angulo, Jos\u00e9 Caicedo, Aaron Ramsey, Piero Quispe, Adalberto Carrasquilla, Leo Su\u00e1rez y Pedro Vite.<br><\/p>\n\n\n\n<p>De concretarse el fichaje con Pumas, Keylor Navas completar\u00eda un cuarteto de ex madridistas de la \u00e9poca del tricampeonato de Champions League con Zinedine Zidane activos en Liga MX.<\/p>\n","protected":false},"excerpt":{"rendered":"<p>Keylor Navas naci\u00f3 en P\u00e9rez Zeled\u00f3n, Costa Rica, el 15 de diciembre de 1986, por lo que cumplir\u00e1 39 a\u00f1os al cierre del torneo Apertura 2025 de Liga MX. El portero costarricense Keylor Navas, ahora ex portero de Real Madrid y Par\u00eds Saint-Germain (PSG), ser\u00e1 el nuevo fichaje bomba de la Liga MX, tras vincularse [&hellip;]<\/p>\n","protected":false},"author":1,"featured_media":88697,"comment_status":"closed","ping_status":"closed","sticky":false,"template":"","format":"standard","meta":{"footnotes":""},"categories":[38],"tags":[],"class_list":["post-88696","post","type-post","status-publish","format-standard","has-post-thumbnail","hentry","category-deportes"],"_links":{"self":[{"href":"https:\/\/elinformante.mx\/index.php?rest_route=\/wp\/v2\/posts\/88696","targetHints":{"allow":["GET"]}}],"collection":[{"href":"https:\/\/elinformante.mx\/index.php?rest_route=\/wp\/v2\/posts"}],"about":[{"href":"https:\/\/elinformante.mx\/index.php?rest_route=\/wp\/v2\/types\/post"}],"author":[{"embeddable":true,"href":"https:\/\/elinformante.mx\/index.php?rest_route=\/wp\/v2\/users\/1"}],"replies":[{"embeddable":true,"href":"https:\/\/elinformante.mx\/index.php?rest_route=%2Fwp%2Fv2%2Fcomments&post=88696"}],"version-history":[{"count":0,"href":"https:\/\/elinformante.mx\/index.php?rest_route=\/wp\/v2\/posts\/88696\/revisions"}],"wp:featuredmedia":[{"embeddable":true,"href":"https:\/\/elinformante.mx\/index.php?rest_route=\/wp\/v2\/media\/88697"}],"wp:attachment":[{"href":"https:\/\/elinformante.mx\/index.php?rest_route=%2Fwp%2Fv2%2Fmedia&parent=88696"}],"wp:term":[{"taxonomy":"category","embeddable":true,"href":"https:\/\/elinformante.mx\/index.php?rest_route=%2Fwp%2Fv2%2Fcategories&post=88696"},{"taxonomy":"post_tag","embeddable":true,"href":"https:\/\/elinformante.mx\/index.php?rest_route=%2Fwp%2Fv2%2Ftags&post=88696"}],"curies":[{"name":"wp","href":"https:\/\/api.w.org\/{rel}","templated":true}]}}