{"id":88699,"date":"2025-07-22T06:03:43","date_gmt":"2025-07-22T12:03:43","guid":{"rendered":"https:\/\/elinformante.mx\/?p=88699"},"modified":"2025-07-25T14:03:13","modified_gmt":"2025-07-25T20:03:13","slug":"sube-de-lugar-isaac-del-toro-llega-a-la-posicion-14-en-medio-ano-de-triunfos","status":"publish","type":"post","link":"https:\/\/elinformante.mx\/?p=88699","title":{"rendered":"Sube de lugar Isaac Del Toro: llega a la posici\u00f3n 14 en medio a\u00f1o de triunfos"},"content":{"rendered":"\n<figure class=\"wp-block-pullquote\"><blockquote><p>Al inicio de este 2025, el joven mexicano estaba en el puesto 57 de la clasificaci\u00f3n de la UCI.<\/p><\/blockquote><\/figure>\n\n\n\n<p class=\"has-drop-cap\">El mexicano Isaac Del Toro sigue consolidando su temporada de ensue\u00f1o. La \u00faltima cereza en su pastel fue el t\u00edtulo de la Cl\u00e0ssica Terres de l\u2019Ebre, una carrera de un d\u00eda que se disputa en Espa\u00f1a y que apenas tiene dos ediciones de vida.<br><\/p>\n\n\n\n<p>Del Toro se perfil\u00f3 a la victoria con 33 kil\u00f3metros de anticipaci\u00f3n, en una competencia alterna al prestigioso Tour de Francia, donde su equipo, UAE Team Emirates, se mantiene en pelea por el t\u00edtulo.<br><\/p>\n\n\n\n<p>El mexicano no fue requerido para el Tour de Francia como una estrategia de protecci\u00f3n f\u00edsica y mental, ya que en este 2025 fue sub l\u00edder de la clasificaci\u00f3n general del Giro de Italia, otro de los majors del ciclismo. Se espera que tampoco participe en La Vuelta a Espa\u00f1a.<br><\/p>\n\n\n\n<p>Aunque esto no ha sido impedimento para que el nacido en Ensenada, Baja California, siga cosechando triunfos. El d\u00e9cimo lleg\u00f3 en la Cl\u00e0ssica Terres de l\u2019Ebre, pero una semana antes tambi\u00e9n estaba en lo m\u00e1s alto del podio de La Vuelta a Austria.<br><\/p>\n\n\n\n<p>El mexicano expres\u00f3 durante una entrevista que se sienti\u00f3 muy satisfecho en como se desarroll\u00f3 la carrera, se\u00f1al\u00f3 que se encuentra disfrutando del ambiente dentro y alrededor del equipo, mencion\u00f3 que mantiene la esperanza de tener una una buena racha de carreras para m\u00ed, expres\u00f3 quien lleg\u00f3 a cinco t\u00edtulos en su carrera.<br><\/p>\n\n\n\n<p>El primero fue en el Tour de l\u2019Avenir 2023, tambi\u00e9n considerado el Tour de Francia sub 23. En ese entonces, representaba a A. R. Monex Pro Cycling Team.<br><\/p>\n\n\n\n<p>Del Toro ya con UAE Team Emirates, registra los t\u00edtulos de La Vuelta a Asturias 2024; Milano-Tur\u00edn, La Vuelta a Austria y la Cl\u00e0ssica Terres de l\u2019Ebre en 2025. Sin embargo, la temporada de ciclismo todav\u00eda tiene mucho recorrido en el segundo semestre del a\u00f1o.<br><\/p>\n\n\n\n<p>Todos estos resultados le han valido un importante salto en el ranking de la Uni\u00f3n Ciclista Internacional (UCI). Empez\u00f3 2025 en el puesto 57 (7 de enero) y actualmente est\u00e1 en el 14. Pas\u00f3 de 1,340 puntos a 3,019, incluyendo 40 de sanciones.<br><\/p>\n\n\n\n<p>El l\u00edder del ranking mundial actual es el esloveno Tadej Pogacar (11,310 puntos), compa\u00f1ero de equipo de Isaac Del Toro y que se encuentra en el liderato de la clasificaci\u00f3n general del Tour de Francia a una semana de la conclusi\u00f3n.<br><\/p>\n\n\n\n<p>Del Toro es el segundo latinoamericano mejor posicionado en el ranking UCI, \u00fanicamente detr\u00e1s del ecuatoriano Richard Carapaz, del equipo EF Education, quien es noveno del mundo con 3,294 puntos. De hecho, no hay m\u00e1s ciclistas de Latinoam\u00e9rica en el top 20.<br><\/p>\n\n\n\n<p>El mexicano agradeci\u00f3 a sus compa\u00f1eros por el apoyo para ganar la segunda edici\u00f3n de la Cl\u00e0ssica Terres de l\u2019Ebre, que en 2024 tuvo como vencedor al espa\u00f1ol Abel Balderstone.<br><\/p>\n\n\n\n<p>Si bien los ojos del ciclismo mundial continuar\u00e1n en la definici\u00f3n del Tour de Francia, Isaac Del Toro sigue puliendo su calidad internacional con 21 a\u00f1os. Est\u00e1 enrachado con cinco triunfos en las \u00faltimas dos semanas.<br><\/p>\n\n\n\n<p>El impacto de Isaac Del Toro no es solo a nivel individual, ya que aporta 91% de los puntos de M\u00e9xico en el ranking por pa\u00edses de UCI.<br><\/p>\n\n\n\n<p>M\u00e9xico est\u00e1 en la posici\u00f3n 22 en la actualidad con 3,300 puntos, debajo de Ecuador (13) y Colombia (17) por parte de Latinoam\u00e9rica. B\u00e9lgica es el mejor del mundo 21,275.72 unidades, mientras que el podio lo completan Eslovenia (16,478) y Dinamarca (14,386.95).<\/p>\n","protected":false},"excerpt":{"rendered":"<p>Al inicio de este 2025, el joven mexicano estaba en el puesto 57 de la clasificaci\u00f3n de la UCI. El mexicano Isaac Del Toro sigue consolidando su temporada de ensue\u00f1o. La \u00faltima cereza en su pastel fue el t\u00edtulo de la Cl\u00e0ssica Terres de l\u2019Ebre, una carrera de un d\u00eda que se disputa en Espa\u00f1a [&hellip;]<\/p>\n","protected":false},"author":1,"featured_media":88700,"comment_status":"closed","ping_status":"closed","sticky":false,"template":"","format":"standard","meta":{"footnotes":""},"categories":[38,30],"tags":[],"class_list":["post-88699","post","type-post","status-publish","format-standard","has-post-thumbnail","hentry","category-deportes","category-destacado"],"_links":{"self":[{"href":"https:\/\/elinformante.mx\/index.php?rest_route=\/wp\/v2\/posts\/88699","targetHints":{"allow":["GET"]}}],"collection":[{"href":"https:\/\/elinformante.mx\/index.php?rest_route=\/wp\/v2\/posts"}],"about":[{"href":"https:\/\/elinformante.mx\/index.php?rest_route=\/wp\/v2\/types\/post"}],"author":[{"embeddable":true,"href":"https:\/\/elinformante.mx\/index.php?rest_route=\/wp\/v2\/users\/1"}],"replies":[{"embeddable":true,"href":"https:\/\/elinformante.mx\/index.php?rest_route=%2Fwp%2Fv2%2Fcomments&post=88699"}],"version-history":[{"count":0,"href":"https:\/\/elinformante.mx\/index.php?rest_route=\/wp\/v2\/posts\/88699\/revisions"}],"wp:featuredmedia":[{"embeddable":true,"href":"https:\/\/elinformante.mx\/index.php?rest_route=\/wp\/v2\/media\/88700"}],"wp:attachment":[{"href":"https:\/\/elinformante.mx\/index.php?rest_route=%2Fwp%2Fv2%2Fmedia&parent=88699"}],"wp:term":[{"taxonomy":"category","embeddable":true,"href":"https:\/\/elinformante.mx\/index.php?rest_route=%2Fwp%2Fv2%2Fcategories&post=88699"},{"taxonomy":"post_tag","embeddable":true,"href":"https:\/\/elinformante.mx\/index.php?rest_route=%2Fwp%2Fv2%2Ftags&post=88699"}],"curies":[{"name":"wp","href":"https:\/\/api.w.org\/{rel}","templated":true}]}}