{"id":88702,"date":"2025-07-22T06:05:52","date_gmt":"2025-07-22T12:05:52","guid":{"rendered":"https:\/\/elinformante.mx\/?p=88702"},"modified":"2025-07-25T14:03:12","modified_gmt":"2025-07-25T20:03:12","slug":"dos-sujetos-pertenecientes-al-grupo-los-cor-o-los-macas-fueron-aprehendidos","status":"publish","type":"post","link":"https:\/\/elinformante.mx\/?p=88702","title":{"rendered":"Dos sujetos pertenecientes al grupo \u201cLos Cor\u201d o \u201cLos Macas\u201d fueron aprehendidos"},"content":{"rendered":"\n<figure class=\"wp-block-pullquote\"><blockquote><p>-Ambos individuos se encuentran internos en Penales estatales por hechos delictivos diversos, por lo que este mandamiento les fue cumplimentado en reclusi\u00f3n.<\/p><\/blockquote><\/figure>\n\n\n\n<p class=\"has-drop-cap\">Agentes de la FGJEM cumplimentaron una orden de aprehensi\u00f3n en contra de dos presuntos integrantes del grupo delictivo autodenominado \u201cLos Cor\u201d o \u201cLos Macas\u201d, investigados por su probable intervenci\u00f3n en el delito de homicidio calificado en agravio de un hombre en el municipio de Ecatepec.<br><\/p>\n\n\n\n<p>Se trata de Miguel \u201cN\u201d, alias \u201cMogul\u201d y\/o \u201cEl M2\u201d, identificado como uno de los l\u00edderes del grupo delictivo referido, as\u00ed como Jos\u00e9 Renato \u201cN\u201d, alias \u201cEl Sinaloa\u201d, quienes se encuentran internos en un Centro Penitenciario y de Reinserci\u00f3n Social, investigados por hechos delictivos diversos, por los que este mandamiento judicial les fue cumplimentado en reclusi\u00f3n.<br><\/p>\n\n\n\n<p>Los hechos se registraron el 14 de julio del a\u00f1o 2022, cuando la v\u00edctima de iniciales A.P.H., se encontraba en la calle cerrada Embajada de Holanda, en la colonia Ciudad Cuauht\u00e9moc, lugar al que llegaron Miguel \u201cN\u201d y Jos\u00e9 Renato \u201cN\u201d, a bordo de una motoneta.<br><\/p>\n\n\n\n<p>Los implicados se dirigieron a la v\u00edctima, sacaron armas de fuego y tras presumiblemente discutir por una supuesta deuda econ\u00f3mica, dispararon en contra de la v\u00edctima, ocasion\u00e1ndole la muerte y despu\u00e9s huyeron con direcci\u00f3n a la avenida Gustavo Baz, colonia Ciudad Cuauht\u00e9moc, de este municipio. Tras las investigaciones se libraron las \u00f3rdenes de aprehensi\u00f3n en contra de los probables implicados.<br><\/p>\n\n\n\n<p>El \u201cMogul\u201d y\/o \u201cEl M2\u201d, fue detenido en el estado de Yucat\u00e1n, en el mes de abril de 2024; en tanto que Jos\u00e9 Renato \u201cN\u201d, alias \u201cEl Sinaloa\u201d, fue capturado en abril de 2023. Estos sujetos se encuentran relacionados con hechos delictivos diversos, por lo que se encuentran recluidos en Penales estatales.<br><\/p>\n\n\n\n<p>Se determin\u00f3 que estos individuos eran integrantes de un grupo delictivo autodenominado \u201cLos Cor\u201d o \u201cLos Macas\u201d, identificado como generador de violencia en municipios del Valle de M\u00e9xico como Coacalco, Tultepec, Tultitl\u00e1n, Ecatepec, Cuautitl\u00e1n, Tec\u00e1mac y Nextlalpan, relacionado con delitos de alto impacto.<br><\/p>\n\n\n\n<p>Los probables implicados quedaron a disposici\u00f3n de un Juez, quien habr\u00e1 de determinar su situaci\u00f3n jur\u00eddica, no obstante, deben ser considerados inocentes hasta que sea dictada una sentencia condenatoria en su contra.<\/p>\n","protected":false},"excerpt":{"rendered":"<p>-Ambos individuos se encuentran internos en Penales estatales por hechos delictivos diversos, por lo que este mandamiento les fue cumplimentado en reclusi\u00f3n. Agentes de la FGJEM cumplimentaron una orden de aprehensi\u00f3n en contra de dos presuntos integrantes del grupo delictivo autodenominado \u201cLos Cor\u201d o \u201cLos Macas\u201d, investigados por su probable intervenci\u00f3n en el delito de [&hellip;]<\/p>\n","protected":false},"author":1,"featured_media":88703,"comment_status":"closed","ping_status":"closed","sticky":false,"template":"","format":"standard","meta":{"footnotes":""},"categories":[36,37],"tags":[],"class_list":["post-88702","post","type-post","status-publish","format-standard","has-post-thumbnail","hentry","category-edomex","category-justicia"],"_links":{"self":[{"href":"https:\/\/elinformante.mx\/index.php?rest_route=\/wp\/v2\/posts\/88702","targetHints":{"allow":["GET"]}}],"collection":[{"href":"https:\/\/elinformante.mx\/index.php?rest_route=\/wp\/v2\/posts"}],"about":[{"href":"https:\/\/elinformante.mx\/index.php?rest_route=\/wp\/v2\/types\/post"}],"author":[{"embeddable":true,"href":"https:\/\/elinformante.mx\/index.php?rest_route=\/wp\/v2\/users\/1"}],"replies":[{"embeddable":true,"href":"https:\/\/elinformante.mx\/index.php?rest_route=%2Fwp%2Fv2%2Fcomments&post=88702"}],"version-history":[{"count":0,"href":"https:\/\/elinformante.mx\/index.php?rest_route=\/wp\/v2\/posts\/88702\/revisions"}],"wp:featuredmedia":[{"embeddable":true,"href":"https:\/\/elinformante.mx\/index.php?rest_route=\/wp\/v2\/media\/88703"}],"wp:attachment":[{"href":"https:\/\/elinformante.mx\/index.php?rest_route=%2Fwp%2Fv2%2Fmedia&parent=88702"}],"wp:term":[{"taxonomy":"category","embeddable":true,"href":"https:\/\/elinformante.mx\/index.php?rest_route=%2Fwp%2Fv2%2Fcategories&post=88702"},{"taxonomy":"post_tag","embeddable":true,"href":"https:\/\/elinformante.mx\/index.php?rest_route=%2Fwp%2Fv2%2Ftags&post=88702"}],"curies":[{"name":"wp","href":"https:\/\/api.w.org\/{rel}","templated":true}]}}