{"id":88708,"date":"2025-07-22T06:09:06","date_gmt":"2025-07-22T12:09:06","guid":{"rendered":"https:\/\/elinformante.mx\/?p=88708"},"modified":"2025-07-25T14:03:08","modified_gmt":"2025-07-25T20:03:08","slug":"inicia-en-zinacantepec-operativo-para-proteger-planteles-educativos-durante-vacaciones","status":"publish","type":"post","link":"https:\/\/elinformante.mx\/?p=88708","title":{"rendered":"Inicia en Zinacantepec operativo para proteger planteles educativos durante vacaciones"},"content":{"rendered":"\n<figure class=\"wp-block-pullquote\"><blockquote><p>Autoridades realizar\u00e1n recorridos preventivos en comunidades para evitar robos y vandalismo escolar.<\/p><\/blockquote><\/figure>\n\n\n\n<p class=\"has-drop-cap\">El gobierno de Zinacantepec, encabezado por el presidente municipal Manuel Vilchis Viveros, instruy\u00f3 a la Direcci\u00f3n de Seguridad P\u00fablica y Tr\u00e1nsito a implementar el Operativo \u201cEscuela Segura\u201d, que se llevar\u00e1 a cabo del 18 de julio al 28 de agosto de 2025, todo con el objetivo de proteger los inmuebles educativos del municipio durante el periodo vacacional de verano.<br><\/p>\n\n\n\n<p>Informaron que este operativo contempla recorridos aleatorios y vigilancia preventiva en la periferia de los planteles educativos ubicados en distintas comunidades del municipio, con el fin de evitar actos vand\u00e1licos, robos o cualquier actividad il\u00edcita que ponga en riesgo el patrimonio escolar.<br><\/p>\n\n\n\n<p>Vilchis Viveros reafirmaron su compromiso con la seguridad y el bienestar de la comunidad educativa, garantizando que, aun durante la temporada de asueto, el trabajo del Ayuntamiento no se detiene.<br><\/p>\n\n\n\n<p>Expres\u00f3 Vilchis Viveros que la educaci\u00f3n es una prioridad para esta administraci\u00f3n, y resguardar los espacios donde nuestros ni\u00f1os y j\u00f3venes aprenden es parte fundamental de nuestra labor diaria.<br><\/p>\n\n\n\n<p>Adem\u00e1s se hizo un llamado a la ciudadan\u00eda a reportar cualquier actividad sospechosa cerca de las escuelas al n\u00famero de emergencias local, sum\u00e1ndose al esfuerzo por mantener seguros estos espacios.<br><\/p>\n\n\n\n<p>El Ayuntamiento de Zinacantepec reafirma que la seguridad es tarea de todos y continuar\u00e1 fortaleciendo las acciones preventivas para proteger a sus habitantes y sus instituciones.<\/p>\n","protected":false},"excerpt":{"rendered":"<p>Autoridades realizar\u00e1n recorridos preventivos en comunidades para evitar robos y vandalismo escolar. El gobierno de Zinacantepec, encabezado por el presidente municipal Manuel Vilchis Viveros, instruy\u00f3 a la Direcci\u00f3n de Seguridad P\u00fablica y Tr\u00e1nsito a implementar el Operativo \u201cEscuela Segura\u201d, que se llevar\u00e1 a cabo del 18 de julio al 28 de agosto de 2025, todo [&hellip;]<\/p>\n","protected":false},"author":1,"featured_media":88709,"comment_status":"closed","ping_status":"closed","sticky":false,"template":"","format":"standard","meta":{"footnotes":""},"categories":[36],"tags":[],"class_list":["post-88708","post","type-post","status-publish","format-standard","has-post-thumbnail","hentry","category-edomex"],"_links":{"self":[{"href":"https:\/\/elinformante.mx\/index.php?rest_route=\/wp\/v2\/posts\/88708","targetHints":{"allow":["GET"]}}],"collection":[{"href":"https:\/\/elinformante.mx\/index.php?rest_route=\/wp\/v2\/posts"}],"about":[{"href":"https:\/\/elinformante.mx\/index.php?rest_route=\/wp\/v2\/types\/post"}],"author":[{"embeddable":true,"href":"https:\/\/elinformante.mx\/index.php?rest_route=\/wp\/v2\/users\/1"}],"replies":[{"embeddable":true,"href":"https:\/\/elinformante.mx\/index.php?rest_route=%2Fwp%2Fv2%2Fcomments&post=88708"}],"version-history":[{"count":0,"href":"https:\/\/elinformante.mx\/index.php?rest_route=\/wp\/v2\/posts\/88708\/revisions"}],"wp:featuredmedia":[{"embeddable":true,"href":"https:\/\/elinformante.mx\/index.php?rest_route=\/wp\/v2\/media\/88709"}],"wp:attachment":[{"href":"https:\/\/elinformante.mx\/index.php?rest_route=%2Fwp%2Fv2%2Fmedia&parent=88708"}],"wp:term":[{"taxonomy":"category","embeddable":true,"href":"https:\/\/elinformante.mx\/index.php?rest_route=%2Fwp%2Fv2%2Fcategories&post=88708"},{"taxonomy":"post_tag","embeddable":true,"href":"https:\/\/elinformante.mx\/index.php?rest_route=%2Fwp%2Fv2%2Ftags&post=88708"}],"curies":[{"name":"wp","href":"https:\/\/api.w.org\/{rel}","templated":true}]}}