{"id":88717,"date":"2025-07-22T06:25:04","date_gmt":"2025-07-22T12:25:04","guid":{"rendered":"https:\/\/elinformante.mx\/?p=88717"},"modified":"2025-07-25T14:11:53","modified_gmt":"2025-07-25T20:11:53","slug":"llega-ruta-del-calzado-san-mateo-atenco-2025-a-laredo-texas","status":"publish","type":"post","link":"https:\/\/elinformante.mx\/?p=88717","title":{"rendered":"Llega Ruta del Calzado San Mateo Atenco 2025 a Laredo, Texas"},"content":{"rendered":"\n<figure class=\"wp-block-pullquote\"><blockquote><p>El municipio del Edom\u00e9x participa en el 21\u00b0 Festival Internacional de Ciudades Hermanas.<br>-Artesanas y artesanos atequenses llevaron calzado, marroquiner\u00eda y artesan\u00edas en tule.<\/p><\/blockquote><\/figure>\n\n\n\n<p class=\"has-drop-cap\">El Gobierno municipal de San Mateo Atenco, que encabeza la presidenta Ana Mu\u00f1iz Neyra, brind\u00f3 todo el apoyo para que pudieran participar artesanas y artesanos del municipio en el 21\u00b0 Festival Internacional de Ciudades Hermanas, celebrado en Laredo, Texas, el cual es un foro que promueve el intercambio cultural, el di\u00e1logo y la colaboraci\u00f3n entre comunidades de M\u00e9xico y Estados Unidos.<br><\/p>\n\n\n\n<p>Esta participaci\u00f3n se da a trav\u00e9s de la Direcci\u00f3n de Cultura y Turismo y la Coordinaci\u00f3n de Gesti\u00f3n, donde se logr\u00f3 una destacada representaci\u00f3n de artesanas y artesanos atenquenses, quienes exhibieron productos representativos de la identidad local como calzado artesanal hecho a mano, marroquiner\u00eda de alta calidad, as\u00ed como artesan\u00edas elaboradas en tule.<br><\/p>\n\n\n\n<p>Las autoridades se\u00f1alaron que esta participaci\u00f3n forma parte de las estrategias municipales para fortalecer la proyecci\u00f3n nacional e internacional de las y los productores, y fue tambi\u00e9n el escenario en el que se present\u00f3 con \u00e9xito la Ruta del Calzado San Mateo Atenco 2025, consolidando nuevas oportunidades comerciales para el sector.<br><\/p>\n\n\n\n<figure class=\"wp-block-image size-large\"><img fetchpriority=\"high\" decoding=\"async\" width=\"1024\" height=\"506\" src=\"https:\/\/elinformante.mx\/wp-content\/uploads\/2025\/07\/11mateo-2-2-1024x506.jpg\" alt=\"\" class=\"wp-image-88719\" srcset=\"https:\/\/elinformante.mx\/wp-content\/uploads\/2025\/07\/11mateo-2-2-1024x506.jpg 1024w, https:\/\/elinformante.mx\/wp-content\/uploads\/2025\/07\/11mateo-2-2-300x148.jpg 300w, https:\/\/elinformante.mx\/wp-content\/uploads\/2025\/07\/11mateo-2-2-768x379.jpg 768w, https:\/\/elinformante.mx\/wp-content\/uploads\/2025\/07\/11mateo-2-2.jpg 1140w\" sizes=\"(max-width: 1024px) 100vw, 1024px\" \/><\/figure>\n\n\n\n<p>San Mateo Atenco comparti\u00f3 espacio con otros municipios mexiquenses que tambi\u00e9n mostraron la riqueza de sus oficios y tradiciones como:<br><\/p>\n\n\n\n<p>Teotihuac\u00e1n, piezas elaboradas en obsidiana; Lerma, tule tejido; San Antonio la Isla, juguetes tradicionales de madera; Coatepec Harinas, bordados \u00fanicos y ceras decorativas; Temoaya, tapetes y textiles; Ocoyoacac, bordados y dise\u00f1o tradicionales y Mexicaltzingo, chamarras de piel.<br><\/p>\n\n\n\n<p>Desde el gobierno de San Mateo Atenco se envi\u00f3 un agradecimiento por la calidez y anfitrion\u00eda del alcalde de Laredo, Texas, Dr. Victor D. Trevi\u00f1o, y de su distinguida esposa, Rosa M\u00e1rquez de Trevi\u00f1o, por facilitar la participaci\u00f3n de San Mateo Atenco y los dem\u00e1s municipios y contribuir a fortalecer los lazos de cooperaci\u00f3n entre las comunidades.<br><\/p>\n\n\n\n<p>San Mateo Atenco reafirma con estas acciones su compromiso con la cultura, la identidad y el desarrollo econ\u00f3mico de sus habitantes, llevando el talento local m\u00e1s all\u00e1 de las fronteras.<\/p>\n","protected":false},"excerpt":{"rendered":"<p>El municipio del Edom\u00e9x participa en el 21\u00b0 Festival Internacional de Ciudades Hermanas.-Artesanas y artesanos atequenses llevaron calzado, marroquiner\u00eda y artesan\u00edas en tule. El Gobierno municipal de San Mateo Atenco, que encabeza la presidenta Ana Mu\u00f1iz Neyra, brind\u00f3 todo el apoyo para que pudieran participar artesanas y artesanos del municipio en el 21\u00b0 Festival Internacional [&hellip;]<\/p>\n","protected":false},"author":1,"featured_media":88718,"comment_status":"closed","ping_status":"closed","sticky":false,"template":"","format":"standard","meta":{"footnotes":""},"categories":[30,36],"tags":[],"class_list":["post-88717","post","type-post","status-publish","format-standard","has-post-thumbnail","hentry","category-destacado","category-edomex"],"_links":{"self":[{"href":"https:\/\/elinformante.mx\/index.php?rest_route=\/wp\/v2\/posts\/88717","targetHints":{"allow":["GET"]}}],"collection":[{"href":"https:\/\/elinformante.mx\/index.php?rest_route=\/wp\/v2\/posts"}],"about":[{"href":"https:\/\/elinformante.mx\/index.php?rest_route=\/wp\/v2\/types\/post"}],"author":[{"embeddable":true,"href":"https:\/\/elinformante.mx\/index.php?rest_route=\/wp\/v2\/users\/1"}],"replies":[{"embeddable":true,"href":"https:\/\/elinformante.mx\/index.php?rest_route=%2Fwp%2Fv2%2Fcomments&post=88717"}],"version-history":[{"count":0,"href":"https:\/\/elinformante.mx\/index.php?rest_route=\/wp\/v2\/posts\/88717\/revisions"}],"wp:featuredmedia":[{"embeddable":true,"href":"https:\/\/elinformante.mx\/index.php?rest_route=\/wp\/v2\/media\/88718"}],"wp:attachment":[{"href":"https:\/\/elinformante.mx\/index.php?rest_route=%2Fwp%2Fv2%2Fmedia&parent=88717"}],"wp:term":[{"taxonomy":"category","embeddable":true,"href":"https:\/\/elinformante.mx\/index.php?rest_route=%2Fwp%2Fv2%2Fcategories&post=88717"},{"taxonomy":"post_tag","embeddable":true,"href":"https:\/\/elinformante.mx\/index.php?rest_route=%2Fwp%2Fv2%2Ftags&post=88717"}],"curies":[{"name":"wp","href":"https:\/\/api.w.org\/{rel}","templated":true}]}}