{"id":88746,"date":"2025-07-22T07:01:49","date_gmt":"2025-07-22T13:01:49","guid":{"rendered":"https:\/\/elinformante.mx\/?p=88746"},"modified":"2025-07-25T14:11:32","modified_gmt":"2025-07-25T20:11:32","slug":"inicia-en-la-alcaldia-cuauhtemoc-curso-de-verano-campamento-s-o-s-para-ninas-ninos-y-adolescentes","status":"publish","type":"post","link":"https:\/\/elinformante.mx\/?p=88746","title":{"rendered":"Inicia en la alcald\u00eda Cuauht\u00e9moc curso de verano \u201cCampamento S.O.S\u201d para ni\u00f1as, ni\u00f1os y adolescentes"},"content":{"rendered":"\n<figure class=\"wp-block-pullquote\"><blockquote><p>-El curso es organizado por Protecci\u00f3n Civil de la Alcald\u00eda Cuauht\u00e9moc, en colaboraci\u00f3n con la Asociaci\u00f3n de Scouts de M\u00e9xico y las actividades son gratuitas.<\/p><\/blockquote><\/figure>\n\n\n\n<p class=\"has-drop-cap\">Con el objetivo de fomentar una cultura de autoprotecci\u00f3n y fortalecer las capacidades de respuesta ante situaciones de riesgo, la Direcci\u00f3n de Protecci\u00f3n Civil de la Alcald\u00eda Cuauht\u00e9moc puso en marcha el curso de verano \u2018Campamento S.O.S.\u2019, dirigido a ni\u00f1as, ni\u00f1os y adolescentes de entre 6 y 17 a\u00f1os.<br><\/p>\n\n\n\n<p>A trav\u00e9s de juegos, retos y din\u00e1micas en equipo, las y los participantes aprender\u00e1n a identificar riesgos en casa, la escuela y la v\u00eda p\u00fablica; as\u00ed como a reaccionar ante emergencias y apoyar a otras personas en caso de ser necesario.<br><\/p>\n\n\n\n<figure class=\"wp-block-image size-large\"><img fetchpriority=\"high\" decoding=\"async\" width=\"1024\" height=\"506\" src=\"https:\/\/elinformante.mx\/wp-content\/uploads\/2025\/07\/6cuauhtemoc-1-1024x506.jpeg\" alt=\"\" class=\"wp-image-88748\" srcset=\"https:\/\/elinformante.mx\/wp-content\/uploads\/2025\/07\/6cuauhtemoc-1-1024x506.jpeg 1024w, https:\/\/elinformante.mx\/wp-content\/uploads\/2025\/07\/6cuauhtemoc-1-300x148.jpeg 300w, https:\/\/elinformante.mx\/wp-content\/uploads\/2025\/07\/6cuauhtemoc-1-768x379.jpeg 768w, https:\/\/elinformante.mx\/wp-content\/uploads\/2025\/07\/6cuauhtemoc-1.jpeg 1140w\" sizes=\"(max-width: 1024px) 100vw, 1024px\" \/><\/figure>\n\n\n\n<p>Las actividades se desarrollan en el Deportivo Cuauht\u00e9moc, en un horario de 10:00 a 13:00 horas, con una duraci\u00f3n de cuatro d\u00edas por grupo. La convocatoria contempla tres bloques: y concluir\u00e1 el 31 de julio.<br><\/p>\n\n\n\n<p>El curso incluye materiales y est\u00e1 coordinado por personal capacitado de Protecci\u00f3n Civil y de los scouts.<br><\/p>\n\n\n\n<p>Los interesados pueden contactarse v\u00eda correo electr\u00f3nico a cursodeveranopc2025@gmail.com o por tel\u00e9fono al 56 2054 2533.<\/p>\n","protected":false},"excerpt":{"rendered":"<p>-El curso es organizado por Protecci\u00f3n Civil de la Alcald\u00eda Cuauht\u00e9moc, en colaboraci\u00f3n con la Asociaci\u00f3n de Scouts de M\u00e9xico y las actividades son gratuitas. Con el objetivo de fomentar una cultura de autoprotecci\u00f3n y fortalecer las capacidades de respuesta ante situaciones de riesgo, la Direcci\u00f3n de Protecci\u00f3n Civil de la Alcald\u00eda Cuauht\u00e9moc puso en [&hellip;]<\/p>\n","protected":false},"author":1,"featured_media":88747,"comment_status":"closed","ping_status":"closed","sticky":false,"template":"","format":"standard","meta":{"footnotes":""},"categories":[35],"tags":[],"class_list":["post-88746","post","type-post","status-publish","format-standard","has-post-thumbnail","hentry","category-cdmx"],"_links":{"self":[{"href":"https:\/\/elinformante.mx\/index.php?rest_route=\/wp\/v2\/posts\/88746","targetHints":{"allow":["GET"]}}],"collection":[{"href":"https:\/\/elinformante.mx\/index.php?rest_route=\/wp\/v2\/posts"}],"about":[{"href":"https:\/\/elinformante.mx\/index.php?rest_route=\/wp\/v2\/types\/post"}],"author":[{"embeddable":true,"href":"https:\/\/elinformante.mx\/index.php?rest_route=\/wp\/v2\/users\/1"}],"replies":[{"embeddable":true,"href":"https:\/\/elinformante.mx\/index.php?rest_route=%2Fwp%2Fv2%2Fcomments&post=88746"}],"version-history":[{"count":0,"href":"https:\/\/elinformante.mx\/index.php?rest_route=\/wp\/v2\/posts\/88746\/revisions"}],"wp:featuredmedia":[{"embeddable":true,"href":"https:\/\/elinformante.mx\/index.php?rest_route=\/wp\/v2\/media\/88747"}],"wp:attachment":[{"href":"https:\/\/elinformante.mx\/index.php?rest_route=%2Fwp%2Fv2%2Fmedia&parent=88746"}],"wp:term":[{"taxonomy":"category","embeddable":true,"href":"https:\/\/elinformante.mx\/index.php?rest_route=%2Fwp%2Fv2%2Fcategories&post=88746"},{"taxonomy":"post_tag","embeddable":true,"href":"https:\/\/elinformante.mx\/index.php?rest_route=%2Fwp%2Fv2%2Ftags&post=88746"}],"curies":[{"name":"wp","href":"https:\/\/api.w.org\/{rel}","templated":true}]}}