{"id":88753,"date":"2025-07-22T07:06:05","date_gmt":"2025-07-22T13:06:05","guid":{"rendered":"https:\/\/elinformante.mx\/?p=88753"},"modified":"2025-07-25T14:11:29","modified_gmt":"2025-07-25T20:11:29","slug":"iniciaran-los-trabajos-de-ampliacion-de-la-estacion-terminal-tasquena-del-tren-ligero","status":"publish","type":"post","link":"https:\/\/elinformante.mx\/?p=88753","title":{"rendered":"Iniciar\u00e1n los trabajos de ampliaci\u00f3n de la estaci\u00f3n terminal Tasque\u00f1a del Tren Ligero"},"content":{"rendered":"\n<figure class=\"wp-block-pullquote\"><blockquote><p>Ser\u00e1 a partir del pr\u00f3ximo 28 de julio que dar\u00e1n inicio los trabajos.<\/p><\/blockquote><\/figure>\n\n\n\n<p class=\"has-drop-cap\">Con el objetivo de aumentar la capacidad y n\u00famero de viajes que se realizan en el Tren Ligero de 110 mil a 230 mil diariamente, el Servicio de Transportes El\u00e9ctricos (STE) informa que, a partir del 28 de julio se iniciar\u00e1n los trabajos para la ampliaci\u00f3n de la Terminal Tasque\u00f1a.<br><\/p>\n\n\n\n<p>Dentro de estos trabajos se realizar\u00e1 la colocaci\u00f3n de un juego de cambio de v\u00eda, por lo que del 28 de julio al 31 de agosto el servicio operar\u00e1 de Xochimilco a Nezahualpilli y se contar\u00e1 con servicio de apoyo gratuito con unidades de la Red de Transporte de Pasajeros (RTP) de Nezahualpilli a Tasque\u00f1a para que las personas usuarias puedan continuar con sus traslados.<br><\/p>\n\n\n\n<p>Posteriormente a partir del 1 de septiembre el cierre ser\u00e1 \u00fanicamente de la Terminal Tasque\u00f1a en la que continuar\u00e1n los trabajos de ampliaci\u00f3n que consisten en la construcci\u00f3n de una plataforma para la llegada y salida de trenes, adecuaci\u00f3n de la infraestructura electromec\u00e1nica de v\u00eda y catenaria correspondiente, la rehabilitaci\u00f3n de la infraestructura peatonal, el mejoramiento en la accesibilidad a la estaci\u00f3n a trav\u00e9s del CETRAM, instalaci\u00f3n de alumbrado p\u00fablico en la zona.<br><\/p>\n\n\n\n<p>El servicio de apoyo operar\u00e1 en el mismo horario del Tren Ligero, es decir, de lunes a viernes de 05:00 a 23:30, s\u00e1bados de 06:00 a 23:30 y domingos de 07:00 a 23:30 horas, con ascenso y descenso en Calz. de Tlalpan frente a las estaciones Nezahualpilli, Xotepingo, la Virgen, Ciudad Jard\u00edn y Las Torres, y en el and\u00e9n E de la Terminal Tasque\u00f1a.<br><\/p>\n\n\n\n<p>Con una inversi\u00f3n de 200 millones de pesos, este proyecto es parte de la visi\u00f3n de la Jefa de Gobierno, Clara Brugada Molina, de una ciudad m\u00e1s conectada, sostenible y eficiente de cara a ser la sede de la Copa Mundial de Futbol en el 2026.<\/p>\n","protected":false},"excerpt":{"rendered":"<p>Ser\u00e1 a partir del pr\u00f3ximo 28 de julio que dar\u00e1n inicio los trabajos. Con el objetivo de aumentar la capacidad y n\u00famero de viajes que se realizan en el Tren Ligero de 110 mil a 230 mil diariamente, el Servicio de Transportes El\u00e9ctricos (STE) informa que, a partir del 28 de julio se iniciar\u00e1n los [&hellip;]<\/p>\n","protected":false},"author":1,"featured_media":88754,"comment_status":"closed","ping_status":"closed","sticky":false,"template":"","format":"standard","meta":{"footnotes":""},"categories":[35],"tags":[],"class_list":["post-88753","post","type-post","status-publish","format-standard","has-post-thumbnail","hentry","category-cdmx"],"_links":{"self":[{"href":"https:\/\/elinformante.mx\/index.php?rest_route=\/wp\/v2\/posts\/88753","targetHints":{"allow":["GET"]}}],"collection":[{"href":"https:\/\/elinformante.mx\/index.php?rest_route=\/wp\/v2\/posts"}],"about":[{"href":"https:\/\/elinformante.mx\/index.php?rest_route=\/wp\/v2\/types\/post"}],"author":[{"embeddable":true,"href":"https:\/\/elinformante.mx\/index.php?rest_route=\/wp\/v2\/users\/1"}],"replies":[{"embeddable":true,"href":"https:\/\/elinformante.mx\/index.php?rest_route=%2Fwp%2Fv2%2Fcomments&post=88753"}],"version-history":[{"count":0,"href":"https:\/\/elinformante.mx\/index.php?rest_route=\/wp\/v2\/posts\/88753\/revisions"}],"wp:featuredmedia":[{"embeddable":true,"href":"https:\/\/elinformante.mx\/index.php?rest_route=\/wp\/v2\/media\/88754"}],"wp:attachment":[{"href":"https:\/\/elinformante.mx\/index.php?rest_route=%2Fwp%2Fv2%2Fmedia&parent=88753"}],"wp:term":[{"taxonomy":"category","embeddable":true,"href":"https:\/\/elinformante.mx\/index.php?rest_route=%2Fwp%2Fv2%2Fcategories&post=88753"},{"taxonomy":"post_tag","embeddable":true,"href":"https:\/\/elinformante.mx\/index.php?rest_route=%2Fwp%2Fv2%2Ftags&post=88753"}],"curies":[{"name":"wp","href":"https:\/\/api.w.org\/{rel}","templated":true}]}}