{"id":88767,"date":"2025-07-22T07:35:01","date_gmt":"2025-07-22T13:35:01","guid":{"rendered":"https:\/\/elinformante.mx\/?p=88767"},"modified":"2025-07-25T14:11:19","modified_gmt":"2025-07-25T20:11:19","slug":"arrancara-en-agosto-inscripcion-a-la-pension-mujeres-bienestar-de-60-a-64-anos-sheinbaum","status":"publish","type":"post","link":"https:\/\/elinformante.mx\/?p=88767","title":{"rendered":"Arrancar\u00e1 en agosto inscripci\u00f3n a la Pensi\u00f3n Mujeres Bienestar de 60 a 64 a\u00f1os: Sheinbaum"},"content":{"rendered":"\n<figure class=\"wp-block-pullquote\"><blockquote><p>-La Pensi\u00f3n Mujeres Bienestar ya la reciben m\u00e1s de un mill\u00f3n de mujeres de 63 y 64 a\u00f1os: Bienestar<\/p><\/blockquote><\/figure>\n\n\n\n<p class=\"has-drop-cap\">La Presidenta de M\u00e9xico, Claudia Sheinbaum Pardo, anunci\u00f3 que, en cumplimiento a su compromiso, del 1 al 30 de agosto, iniciar\u00e1 la inscripci\u00f3n a la Pensi\u00f3n Mujeres Bienestar a todas las mexicanas que tienen entre 60 y 64 a\u00f1os, quienes recibir\u00e1n un apoyo bimestral de 3 mil pesos.<br><\/p>\n\n\n\n<p>La secretaria de Bienestar, Ariadna Montiel Reyes, detall\u00f3 que la Pensi\u00f3n Mujeres Bienestar ya la reciben m\u00e1s de un mill\u00f3n de mujeres de 63 y 64 a\u00f1os, por lo que ahora del 1 al 30 de agosto el registro se abre el registro para todas las mujeres que tengan entre 60 a 64 a\u00f1os, quienes podr\u00e1n realizar el tr\u00e1mite de lunes a s\u00e1bado de las 10:00 a las 16:00 horas en los m\u00f3dulos que pueden ser ubicados en el sitio: https:\/\/www.gob.mx\/bienestar, y deber\u00e1n acudir con los siguientes documentos: identificaci\u00f3n oficial vigente, CURP, acta de nacimiento, comprobante de domicilio, tel\u00e9fono de contacto, formato bienestar.<br><\/p>\n\n\n\n<figure class=\"wp-block-image size-large\"><img fetchpriority=\"high\" decoding=\"async\" width=\"1024\" height=\"506\" src=\"https:\/\/elinformante.mx\/wp-content\/uploads\/2025\/07\/3claudia-8-1024x506.jpg\" alt=\"\" class=\"wp-image-88769\" srcset=\"https:\/\/elinformante.mx\/wp-content\/uploads\/2025\/07\/3claudia-8-1024x506.jpg 1024w, https:\/\/elinformante.mx\/wp-content\/uploads\/2025\/07\/3claudia-8-300x148.jpg 300w, https:\/\/elinformante.mx\/wp-content\/uploads\/2025\/07\/3claudia-8-768x379.jpg 768w, https:\/\/elinformante.mx\/wp-content\/uploads\/2025\/07\/3claudia-8.jpg 1140w\" sizes=\"(max-width: 1024px) 100vw, 1024px\" \/><\/figure>\n\n\n\n<p>Adem\u00e1s de que, en caso de no poder asistir a los m\u00f3dulos de registro de manera presencial, se puede solicitar una visita domiciliaria, a trav\u00e9s de: https:\/\/www.gob.mx\/bienestar.<br><\/p>\n\n\n\n<p>Record\u00f3 que, como en todos los Programas para el Bienestar, el registro se har\u00e1 de acuerdo con la primera letra del apellido, bajo el siguiente calendario:<br><\/p>\n\n\n\n<ul class=\"wp-block-list\">\n<li>A,B,C,. Lunes &#8211; 4, 11, 18, 25 de agosto<br><\/li>\n\n\n\n<li>D,E,F,G,H.- Martes &#8211; 5, 12, 19, 26 de agosto<br><\/li>\n\n\n\n<li>I,J,K,L,M.- Mi\u00e9rcoles &#8211; 6, 13, 20, 27 de agosto<br><\/li>\n\n\n\n<li>N,\u00d1,O,P,Q,R.- Jueves &#8211; 7, 14, 21, 28 de agosto<br><\/li>\n\n\n\n<li>S,T,U,V,W,X,Y,Z.- Viernes &#8211; 1, 8, 15, 22, 29 de agosto<br><\/li>\n\n\n\n<li>Todas las letras.- S\u00e1bado &#8211; 2, 9, 16, 23, 30<\/li>\n<\/ul>\n","protected":false},"excerpt":{"rendered":"<p>-La Pensi\u00f3n Mujeres Bienestar ya la reciben m\u00e1s de un mill\u00f3n de mujeres de 63 y 64 a\u00f1os: Bienestar La Presidenta de M\u00e9xico, Claudia Sheinbaum Pardo, anunci\u00f3 que, en cumplimiento a su compromiso, del 1 al 30 de agosto, iniciar\u00e1 la inscripci\u00f3n a la Pensi\u00f3n Mujeres Bienestar a todas las mexicanas que tienen entre 60 [&hellip;]<\/p>\n","protected":false},"author":1,"featured_media":88768,"comment_status":"closed","ping_status":"closed","sticky":false,"template":"","format":"standard","meta":{"footnotes":""},"categories":[34],"tags":[],"class_list":["post-88767","post","type-post","status-publish","format-standard","has-post-thumbnail","hentry","category-nacional"],"_links":{"self":[{"href":"https:\/\/elinformante.mx\/index.php?rest_route=\/wp\/v2\/posts\/88767","targetHints":{"allow":["GET"]}}],"collection":[{"href":"https:\/\/elinformante.mx\/index.php?rest_route=\/wp\/v2\/posts"}],"about":[{"href":"https:\/\/elinformante.mx\/index.php?rest_route=\/wp\/v2\/types\/post"}],"author":[{"embeddable":true,"href":"https:\/\/elinformante.mx\/index.php?rest_route=\/wp\/v2\/users\/1"}],"replies":[{"embeddable":true,"href":"https:\/\/elinformante.mx\/index.php?rest_route=%2Fwp%2Fv2%2Fcomments&post=88767"}],"version-history":[{"count":0,"href":"https:\/\/elinformante.mx\/index.php?rest_route=\/wp\/v2\/posts\/88767\/revisions"}],"wp:featuredmedia":[{"embeddable":true,"href":"https:\/\/elinformante.mx\/index.php?rest_route=\/wp\/v2\/media\/88768"}],"wp:attachment":[{"href":"https:\/\/elinformante.mx\/index.php?rest_route=%2Fwp%2Fv2%2Fmedia&parent=88767"}],"wp:term":[{"taxonomy":"category","embeddable":true,"href":"https:\/\/elinformante.mx\/index.php?rest_route=%2Fwp%2Fv2%2Fcategories&post=88767"},{"taxonomy":"post_tag","embeddable":true,"href":"https:\/\/elinformante.mx\/index.php?rest_route=%2Fwp%2Fv2%2Ftags&post=88767"}],"curies":[{"name":"wp","href":"https:\/\/api.w.org\/{rel}","templated":true}]}}