{"id":88775,"date":"2025-07-22T07:50:59","date_gmt":"2025-07-22T13:50:59","guid":{"rendered":"https:\/\/elinformante.mx\/?p=88775"},"modified":"2025-07-25T14:11:16","modified_gmt":"2025-07-25T20:11:16","slug":"estados-unidos-y-mexico-peligroso-nudo-aereo","status":"publish","type":"post","link":"https:\/\/elinformante.mx\/?p=88775","title":{"rendered":"ESTADOS UNIDOS Y M\u00c9XICO, PELIGROSO NUDO A\u00c9REO"},"content":{"rendered":"\n<figure class=\"wp-block-pullquote\"><blockquote><p><strong>Por: Marco A. Mares<\/strong><\/p><\/blockquote><\/figure>\n\n\n\n<p class=\"has-drop-cap\">Estados Unidos decidi\u00f3 apretar a M\u00e9xico a trav\u00e9s de uno de los sectores econ\u00f3micos de mayor valor econ\u00f3mico, pero sobre todo de enorme importancia estrat\u00e9gica: la aviaci\u00f3n.<br><\/p>\n\n\n\n<p>Adem\u00e1s de los graves impactos vigentes, m\u00e1s los potenciales golpes que est\u00e1 por aplicar el gobierno de EU a M\u00e9xico, a trav\u00e9s de los distintos aranceles y cuotas compensatorias, ahora amaga con afectar su sistema de navegaci\u00f3n a\u00e9rea.<br><\/p>\n\n\n\n<p>En las \u00faltimas horas se registraron primero el anuncio del Departamento del Transporte (DOT) de Estados Unidos y luego la respuesta no oficial, es decir las declaraciones del gobierno mexicano a trav\u00e9s de los medios mexicanos de informaci\u00f3n.<br><\/p>\n\n\n\n<p>De lo que dicen una y otra partes, se infiere que tienen perspectivas diametralmente opuestas. EU acusa a M\u00e9xico de incumplimiento del Acuerdo de Transporte A\u00e9reo vigente entre ambas naciones desde el 2015 y advierte que aplicar\u00e1 medidas para \u201ccombatir el abuso\u201d y \u201cpr\u00e1cticas anticompetitivas\u201d a partir de medidas que tom\u00f3 el gobierno mexicano en el sexenio pasado.<br><\/p>\n\n\n\n<p>A la presidenta Claudia Sheinbaum le est\u00e1 reventando un problema gestado en el pasado reciente.<br><\/p>\n\n\n\n<p>El origen de la disputa se deriva de la decisi\u00f3n hist\u00f3rica del ex presidente Andr\u00e9s Manuel L\u00f3pez Obrador de cancelar la construcci\u00f3n del Nuevo Aeropuerto Internacional de la Ciudad de M\u00e9xico, en Texcoco.<br><\/p>\n\n\n\n<p>Y a partir de ah\u00ed, las decisiones que tom\u00f3 para paliar la saturaci\u00f3n del Aeropuerto Internacional de la Ciudad de M\u00e9xico y darle \u201cmasa cr\u00edtica\u201d al Aeropuerto Internacional Felipe \u00c1ngeles con el traslado de las operaciones de carga del AICM al AIFA.<br><\/p>\n\n\n\n<p>Con tales decisiones, M\u00e9xico habr\u00eda afectado a las aerol\u00edneas de EU, al cambiar los \u201cslots\u201d (horarios de despegue y aterrizaje) en el AICM y presuntamente favorece a las aerol\u00edneas nacionales.<br><\/p>\n\n\n\n<p>Adem\u00e1s de la expulsi\u00f3n forzada de las aerol\u00edneas de carga estadunidenses del AICM en 2023, a otros aeropuertos, con solo 108 d\u00edas de aviso. \u201cNo tienen raz\u00f3n de ser\u201d las sanciones que EU quiere aplicar a la aviaci\u00f3n mexicana, declar\u00f3 ayer la presidenta Claudia Sheinbaum.<br><\/p>\n\n\n\n<p>Con esa frase, la Jefa del Ejecutivo, resumi\u00f3 la posici\u00f3n de su gobierno frente a las acciones anunciadas por el Departamento de Transporte (DOT) de Estados Unidos contra aerol\u00edneas mexicanas, derivadas de un supuesto incumplimiento del Acuerdo de Transporte A\u00e9reo de 2015.<br><\/p>\n\n\n\n<p>Impl\u00edcitamente la Presidenta de M\u00e9xico contradijo a Estados Unidos sobre las supuestas restricciones a\u00e9reas de M\u00e9xico a las empresas a\u00e9reas de EU.<br><\/p>\n\n\n\n<p>Sin embargo, no est\u00e1 clara la respuesta del gobierno de M\u00e9xico respecto de la acusaci\u00f3n del gobierno de EU en torno a si las pol\u00edticas sobre aviaci\u00f3n del sexenio pasado fueron violatorias del acuerdo entre ambos pa\u00edses.<br><\/p>\n\n\n\n<p>La acusaci\u00f3n de EU se argumenta con el hecho de que desde al a\u00f1o 2022 el gobierno de M\u00e9xico rescindi\u00f3 abruptamente los slots y oblig\u00f3 a las aerol\u00edneas de EU de carga a reubicar sus operaciones<br><\/p>\n\n\n\n<p>Tampoco se sabe qu\u00e9 camino seguir\u00e1 el gobierno mexicano para evitar que el DOT de EU aplique las sanciones con las que amenaza a M\u00e9xico.<br><\/p>\n\n\n\n<p>Frente al alto impacto que tendr\u00e1n para la aviaci\u00f3n mexicana seg\u00fan Canaero, la organizaci\u00f3n que agremia a 40 aerol\u00edneas nacionales e internacionales, vale la pena revisar las reacciones del gobierno mexicano.<br><\/p>\n\n\n\n<p>La presidenta Sheinbaum asegur\u00f3 que no ha recibido notificaci\u00f3n formal de las medidas que anunci\u00f3 el DOT de EU y que cuando se reciban ser\u00e1n revisadas con precisi\u00f3n.<br><\/p>\n\n\n\n<p>Afirm\u00f3 que el traslado de operaciones de carga del Aeropuerto Internacional de la Ciudad de M\u00e9xico (AICM) al Aeropuerto Internacional Felipe \u00c1ngeles (AIFA) se basaron en criterios t\u00e9cnicos de seguridad debido a la saturaci\u00f3n del AICM desde 2014.<br><\/p>\n\n\n\n<p>Destac\u00f3 que esta reestructuraci\u00f3n beneficia a las operaciones de carga y fortalece las aduanas para una mayor eficiencia.<br><\/p>\n\n\n\n<p>Han servido -enfatiz\u00f3\u2013 para fortalecer la \u201coperatividad y la seguridad aeron\u00e1utica\u201d del pa\u00eds. Adem\u00e1s, defendi\u00f3 la construcci\u00f3n del AIFA como una decisi\u00f3n acertada frente al cancelado proyecto de Texcoco, negando que se reubiquen vuelos del AIFA y reafirmando la soberan\u00eda de M\u00e9xico en estas decisiones.<br><\/p>\n\n\n\n<p>Lo cierto es que no est\u00e1 claro si M\u00e9xico est\u00e1 incumpliendo el Acuerdo Aeron\u00e1utico bilateral. Tampoco est\u00e1 claro cu\u00e1l es el camino que seguir\u00e1 M\u00e9xico para lograr superar este diferendo.<br><\/p>\n\n\n\n<p>Lo que s\u00ed est\u00e1 claro es que este diferendo es riesgoso para M\u00e9xico por los potenciales da\u00f1os econ\u00f3micos y log\u00edsticos para el pa\u00eds. El pr\u00f3ximo a\u00f1o se celebrar\u00e1 la competencia mundial de futbol, de la que M\u00e9xico es una de las sedes.<br><\/p>\n\n\n\n<p>M\u00e9xico tendr\u00e1 que buscar una negociaci\u00f3n lo m\u00e1s r\u00e1pido posible. Al tempo.<\/p>\n","protected":false},"excerpt":{"rendered":"<p>Por: Marco A. Mares Estados Unidos decidi\u00f3 apretar a M\u00e9xico a trav\u00e9s de uno de los sectores econ\u00f3micos de mayor valor econ\u00f3mico, pero sobre todo de enorme importancia estrat\u00e9gica: la aviaci\u00f3n. Adem\u00e1s de los graves impactos vigentes, m\u00e1s los potenciales golpes que est\u00e1 por aplicar el gobierno de EU a M\u00e9xico, a trav\u00e9s de los [&hellip;]<\/p>\n","protected":false},"author":1,"featured_media":88776,"comment_status":"closed","ping_status":"closed","sticky":false,"template":"","format":"standard","meta":{"footnotes":""},"categories":[32],"tags":[],"class_list":["post-88775","post","type-post","status-publish","format-standard","has-post-thumbnail","hentry","category-editorial"],"_links":{"self":[{"href":"https:\/\/elinformante.mx\/index.php?rest_route=\/wp\/v2\/posts\/88775","targetHints":{"allow":["GET"]}}],"collection":[{"href":"https:\/\/elinformante.mx\/index.php?rest_route=\/wp\/v2\/posts"}],"about":[{"href":"https:\/\/elinformante.mx\/index.php?rest_route=\/wp\/v2\/types\/post"}],"author":[{"embeddable":true,"href":"https:\/\/elinformante.mx\/index.php?rest_route=\/wp\/v2\/users\/1"}],"replies":[{"embeddable":true,"href":"https:\/\/elinformante.mx\/index.php?rest_route=%2Fwp%2Fv2%2Fcomments&post=88775"}],"version-history":[{"count":0,"href":"https:\/\/elinformante.mx\/index.php?rest_route=\/wp\/v2\/posts\/88775\/revisions"}],"wp:featuredmedia":[{"embeddable":true,"href":"https:\/\/elinformante.mx\/index.php?rest_route=\/wp\/v2\/media\/88776"}],"wp:attachment":[{"href":"https:\/\/elinformante.mx\/index.php?rest_route=%2Fwp%2Fv2%2Fmedia&parent=88775"}],"wp:term":[{"taxonomy":"category","embeddable":true,"href":"https:\/\/elinformante.mx\/index.php?rest_route=%2Fwp%2Fv2%2Fcategories&post=88775"},{"taxonomy":"post_tag","embeddable":true,"href":"https:\/\/elinformante.mx\/index.php?rest_route=%2Fwp%2Fv2%2Ftags&post=88775"}],"curies":[{"name":"wp","href":"https:\/\/api.w.org\/{rel}","templated":true}]}}