{"id":88818,"date":"2025-07-23T06:21:44","date_gmt":"2025-07-23T12:21:44","guid":{"rendered":"https:\/\/elinformante.mx\/?p=88818"},"modified":"2025-07-25T14:10:55","modified_gmt":"2025-07-25T20:10:55","slug":"celebra-saray-benitez-en-mexicaltzingo-dia-mundial-del-perro","status":"publish","type":"post","link":"https:\/\/elinformante.mx\/?p=88818","title":{"rendered":"Celebra Saray Ben\u00edtez en Mexicaltzingo D\u00eda Mundial del Perro"},"content":{"rendered":"\n<figure class=\"wp-block-pullquote\"><blockquote><p>Mencion\u00f3 que es la primera vez que en Mexicaltzingo se ha celebrado este d\u00eda.<\/p><\/blockquote><\/figure>\n\n\n\n<p class=\"has-drop-cap\">En el municipio de Mexicaltzingo, la presidenta Saray Ben\u00edtez Espinosa celebr\u00f3 el D\u00eda Mundial del Perro con la realizaci\u00f3n de un evento en donde el objetivo principal es lograr la concientizaci\u00f3n de las personas de lo que significa tener a un lomito o michi como parte de su familia.<br><\/p>\n\n\n\n<p>Ben\u00edtez Espinosa se\u00f1al\u00f3 que este tipo de eventos busca que los asistentes puedan reflexionar en la importancia de poder brindarles a los seres sintientes una vida digna, d\u00e1ndoles un lugar en donde puedan vivir, adem\u00e1s de ser responsables con su salud, aplicarles sus vacunas y sobre todo, recordar que estos bellos seres vivos, se convierten en nuestros compa\u00f1eros de vida.<br><\/p>\n\n\n\n<figure class=\"wp-block-image size-large\"><img fetchpriority=\"high\" decoding=\"async\" width=\"1024\" height=\"506\" src=\"https:\/\/elinformante.mx\/wp-content\/uploads\/2025\/07\/12mexi-2-1-1024x506.jpg\" alt=\"\" class=\"wp-image-88820\" srcset=\"https:\/\/elinformante.mx\/wp-content\/uploads\/2025\/07\/12mexi-2-1-1024x506.jpg 1024w, https:\/\/elinformante.mx\/wp-content\/uploads\/2025\/07\/12mexi-2-1-300x148.jpg 300w, https:\/\/elinformante.mx\/wp-content\/uploads\/2025\/07\/12mexi-2-1-768x379.jpg 768w, https:\/\/elinformante.mx\/wp-content\/uploads\/2025\/07\/12mexi-2-1.jpg 1140w\" sizes=\"(max-width: 1024px) 100vw, 1024px\" \/><\/figure>\n\n\n\n<p>Mencion\u00f3 que es la primera vez que en Mexicaltzingo se ha celebrado este d\u00eda, en el evento se tuvieron actividades recreativas, educativas y mensajes de concientizaci\u00f3n sobre el cuidado.<br><\/p>\n\n\n\n<p>Finaliz\u00f3 el evento agradeciendo a todos los que participaron y se\u00f1al\u00f3 que el poder disfrutar este d\u00eda junto con los compa\u00f1eros humanos de lomitos y michis logr\u00f3 hacer de este evento algo inolvidable.<\/p>\n\n\n\n<figure class=\"wp-block-image size-large\"><img decoding=\"async\" width=\"1024\" height=\"506\" src=\"https:\/\/elinformante.mx\/wp-content\/uploads\/2025\/07\/12mexi-3-1-1024x506.jpg\" alt=\"\" class=\"wp-image-88821\" srcset=\"https:\/\/elinformante.mx\/wp-content\/uploads\/2025\/07\/12mexi-3-1-1024x506.jpg 1024w, https:\/\/elinformante.mx\/wp-content\/uploads\/2025\/07\/12mexi-3-1-300x148.jpg 300w, https:\/\/elinformante.mx\/wp-content\/uploads\/2025\/07\/12mexi-3-1-768x379.jpg 768w, https:\/\/elinformante.mx\/wp-content\/uploads\/2025\/07\/12mexi-3-1.jpg 1140w\" sizes=\"(max-width: 1024px) 100vw, 1024px\" \/><\/figure>\n","protected":false},"excerpt":{"rendered":"<p>Mencion\u00f3 que es la primera vez que en Mexicaltzingo se ha celebrado este d\u00eda. En el municipio de Mexicaltzingo, la presidenta Saray Ben\u00edtez Espinosa celebr\u00f3 el D\u00eda Mundial del Perro con la realizaci\u00f3n de un evento en donde el objetivo principal es lograr la concientizaci\u00f3n de las personas de lo que significa tener a un [&hellip;]<\/p>\n","protected":false},"author":1,"featured_media":88819,"comment_status":"closed","ping_status":"closed","sticky":false,"template":"","format":"standard","meta":{"footnotes":""},"categories":[1],"tags":[],"class_list":["post-88818","post","type-post","status-publish","format-standard","has-post-thumbnail","hentry","category-sin-categoria"],"_links":{"self":[{"href":"https:\/\/elinformante.mx\/index.php?rest_route=\/wp\/v2\/posts\/88818","targetHints":{"allow":["GET"]}}],"collection":[{"href":"https:\/\/elinformante.mx\/index.php?rest_route=\/wp\/v2\/posts"}],"about":[{"href":"https:\/\/elinformante.mx\/index.php?rest_route=\/wp\/v2\/types\/post"}],"author":[{"embeddable":true,"href":"https:\/\/elinformante.mx\/index.php?rest_route=\/wp\/v2\/users\/1"}],"replies":[{"embeddable":true,"href":"https:\/\/elinformante.mx\/index.php?rest_route=%2Fwp%2Fv2%2Fcomments&post=88818"}],"version-history":[{"count":0,"href":"https:\/\/elinformante.mx\/index.php?rest_route=\/wp\/v2\/posts\/88818\/revisions"}],"wp:featuredmedia":[{"embeddable":true,"href":"https:\/\/elinformante.mx\/index.php?rest_route=\/wp\/v2\/media\/88819"}],"wp:attachment":[{"href":"https:\/\/elinformante.mx\/index.php?rest_route=%2Fwp%2Fv2%2Fmedia&parent=88818"}],"wp:term":[{"taxonomy":"category","embeddable":true,"href":"https:\/\/elinformante.mx\/index.php?rest_route=%2Fwp%2Fv2%2Fcategories&post=88818"},{"taxonomy":"post_tag","embeddable":true,"href":"https:\/\/elinformante.mx\/index.php?rest_route=%2Fwp%2Fv2%2Ftags&post=88818"}],"curies":[{"name":"wp","href":"https:\/\/api.w.org\/{rel}","templated":true}]}}