{"id":89141,"date":"2025-07-28T10:53:38","date_gmt":"2025-07-28T16:53:38","guid":{"rendered":"https:\/\/elinformante.mx\/?p=89141"},"modified":"2025-07-28T10:53:39","modified_gmt":"2025-07-28T16:53:39","slug":"brilla-danna-en-el-show-de-jimmy-kimmel","status":"publish","type":"post","link":"https:\/\/elinformante.mx\/?p=89141","title":{"rendered":"Brilla Danna en el show de Jimmy Kimmel"},"content":{"rendered":"\n<figure class=\"wp-block-pullquote\"><blockquote><p>La mexicana se present\u00f3 con \u201cKHE CALOR\u201d siendo la primera mexicana del pop en el show<\/p><\/blockquote><\/figure>\n\n\n\n<p class=\"has-drop-cap\">La cantante mexicana Danna hizo historia tras convertirse en la primera cantante pop mexicana en presentarse en Jimmy Kimmel Live, interpretando \u201cKHE CALOR\u201d Con su presentaci\u00f3n, Danna, marc\u00f3 un antes y un despu\u00e9s en su carrera internacional al debutar en el programa Jimmy Kimmel Live, uno de los programas de televisi\u00f3n m\u00e1s influyentes. Con su participaci\u00f3n, se convirti\u00f3 en la primera mujer mexicana del pop en presentarse como invitada con el video de \u201cKHE CALOR\u201d.<br><\/p>\n\n\n\n<p>Uno de los motivos de la presentaci\u00f3n de Danna en Jimmy Kimmel Live fue el lanzamiento de su nuevo sencillo, titulado \u201cKHE CALOR\u201d, una canci\u00f3n que representa su actual evoluci\u00f3n musical, con una mezcla de ritmos latinos y sonidos modernos, dise\u00f1ada para abrirse paso en el mercado global.<br><\/p>\n\n\n\n<p>Danna brill\u00f3 en escena con un llamativo vestuario vaquero, acompa\u00f1ada por cuatro bailarines y una escenograf\u00eda que inclu\u00eda una silla de montar, evocando una est\u00e9tica des\u00e9rtica cargada de simbolismo mexicano. Su show en video de \u201cKHE CALOR\u201d estuvo lleno de sensualidad, en sinton\u00eda con el mensaje de empoderamiento.<br><\/p>\n\n\n\n<figure class=\"wp-block-image size-large\"><img fetchpriority=\"high\" decoding=\"async\" width=\"1024\" height=\"506\" src=\"https:\/\/elinformante.mx\/wp-content\/uploads\/2025\/07\/15danna-1-1024x506.jpg\" alt=\"\" class=\"wp-image-89143\" srcset=\"https:\/\/elinformante.mx\/wp-content\/uploads\/2025\/07\/15danna-1-1024x506.jpg 1024w, https:\/\/elinformante.mx\/wp-content\/uploads\/2025\/07\/15danna-1-300x148.jpg 300w, https:\/\/elinformante.mx\/wp-content\/uploads\/2025\/07\/15danna-1-768x379.jpg 768w, https:\/\/elinformante.mx\/wp-content\/uploads\/2025\/07\/15danna-1.jpg 1140w\" sizes=\"(max-width: 1024px) 100vw, 1024px\" \/><\/figure>\n\n\n\n<p>Su espect\u00e1culo en el show no solo acompa\u00f1\u00f3 el lanzamiento de su sencillo, sino tambi\u00e9n refuerza su crecimiento dentro de una escena musical que contin\u00faa abrazando diversas influencias y sonidos, se\u00f1al\u00f3 su equipo en un comunicado de prensa.<br><\/p>\n\n\n\n<p>El video de Danna en el show de Jimmy Kimmel Live no solo es significativo por su logro personal, sino tambi\u00e9n por lo que representa para la industria del pop mexicano, donde hist\u00f3ricamente ha sido dif\u00edcil abrir espacio en los grandes escenarios televisivos de Estados Unidos.<br><\/p>\n\n\n\n<p>Danna reafirma su presencia como una artista global. Su proyecci\u00f3n en diferentes mercados que se alinean con su b\u00fasqueda por romper etiquetas y redefinir lo que significa ser una artista pop en esta \u00e9poca.<\/p>\n","protected":false},"excerpt":{"rendered":"<p>La mexicana se present\u00f3 con \u201cKHE CALOR\u201d siendo la primera mexicana del pop en el show La cantante mexicana Danna hizo historia tras convertirse en la primera cantante pop mexicana en presentarse en Jimmy Kimmel Live, interpretando \u201cKHE CALOR\u201d Con su presentaci\u00f3n, Danna, marc\u00f3 un antes y un despu\u00e9s en su carrera internacional al debutar [&hellip;]<\/p>\n","protected":false},"author":1,"featured_media":89142,"comment_status":"closed","ping_status":"closed","sticky":false,"template":"","format":"standard","meta":{"footnotes":""},"categories":[39],"tags":[],"class_list":["post-89141","post","type-post","status-publish","format-standard","has-post-thumbnail","hentry","category-espectaculos"],"_links":{"self":[{"href":"https:\/\/elinformante.mx\/index.php?rest_route=\/wp\/v2\/posts\/89141","targetHints":{"allow":["GET"]}}],"collection":[{"href":"https:\/\/elinformante.mx\/index.php?rest_route=\/wp\/v2\/posts"}],"about":[{"href":"https:\/\/elinformante.mx\/index.php?rest_route=\/wp\/v2\/types\/post"}],"author":[{"embeddable":true,"href":"https:\/\/elinformante.mx\/index.php?rest_route=\/wp\/v2\/users\/1"}],"replies":[{"embeddable":true,"href":"https:\/\/elinformante.mx\/index.php?rest_route=%2Fwp%2Fv2%2Fcomments&post=89141"}],"version-history":[{"count":0,"href":"https:\/\/elinformante.mx\/index.php?rest_route=\/wp\/v2\/posts\/89141\/revisions"}],"wp:featuredmedia":[{"embeddable":true,"href":"https:\/\/elinformante.mx\/index.php?rest_route=\/wp\/v2\/media\/89142"}],"wp:attachment":[{"href":"https:\/\/elinformante.mx\/index.php?rest_route=%2Fwp%2Fv2%2Fmedia&parent=89141"}],"wp:term":[{"taxonomy":"category","embeddable":true,"href":"https:\/\/elinformante.mx\/index.php?rest_route=%2Fwp%2Fv2%2Fcategories&post=89141"},{"taxonomy":"post_tag","embeddable":true,"href":"https:\/\/elinformante.mx\/index.php?rest_route=%2Fwp%2Fv2%2Ftags&post=89141"}],"curies":[{"name":"wp","href":"https:\/\/api.w.org\/{rel}","templated":true}]}}