{"id":89150,"date":"2025-07-28T10:57:03","date_gmt":"2025-07-28T16:57:03","guid":{"rendered":"https:\/\/elinformante.mx\/?p=89150"},"modified":"2025-07-28T10:57:04","modified_gmt":"2025-07-28T16:57:04","slug":"mohammad-yahya-termina-con-el-rostro-desfigurado-tras-combate-de-ufc","status":"publish","type":"post","link":"https:\/\/elinformante.mx\/?p=89150","title":{"rendered":"Mohammad Yahya termina con el rostro desfigurado tras combate de UFC"},"content":{"rendered":"\n<figure class=\"wp-block-pullquote\"><blockquote><p>El peleador de Emiratos \u00c1rabes recibi\u00f3 un fuerte golpe en el rostro, que le provoc\u00f3 una lesi\u00f3n en su rostro durante el combate.<\/p><\/blockquote><\/figure>\n\n\n\n<p class=\"has-drop-cap\">La UFC es un espect\u00e1culo-deportivo que contin\u00faa demostrando que es un deporte de alto impacto, en esta ocasi\u00f3n ocurri\u00f3 un evento por dem\u00e1s muy impactante, luego de que el peleador Mohammad Yahya, de Emiratos \u00c1rabes, termin\u00f3 con una importante lesi\u00f3n en el rostro durante su combate.<br><\/p>\n\n\n\n<p>La lesi\u00f3n se dio mientras que este estelarizaba un combate dentro de la cartelera preliminar, en la divisi\u00f3n de peso pluma, el estadunidense Steven Nguyen, se enfrent\u00f3 al local Mohammad Yahya.<br><\/p>\n\n\n\n<p>En el primer asalto, Nguyen encontr\u00f3 una derecha con la que mand\u00f3 a la lona a su rival, a pesar de toda la ofensiva del peleador de Emiratos \u00c1rabes.<br><\/p>\n\n\n\n<p>El da\u00f1o con la mano derecha era impresionante, ya que el ojo derecho de Mohammad Yahya se empez\u00f3 a inflamar.<br><\/p>\n\n\n\n<figure class=\"wp-block-image size-large\"><img fetchpriority=\"high\" decoding=\"async\" width=\"1024\" height=\"506\" src=\"https:\/\/elinformante.mx\/wp-content\/uploads\/2025\/07\/14mohamaad-1024x506.jpg\" alt=\"\" class=\"wp-image-89154\" srcset=\"https:\/\/elinformante.mx\/wp-content\/uploads\/2025\/07\/14mohamaad-1024x506.jpg 1024w, https:\/\/elinformante.mx\/wp-content\/uploads\/2025\/07\/14mohamaad-300x148.jpg 300w, https:\/\/elinformante.mx\/wp-content\/uploads\/2025\/07\/14mohamaad-768x379.jpg 768w, https:\/\/elinformante.mx\/wp-content\/uploads\/2025\/07\/14mohamaad.jpg 1140w\" sizes=\"(max-width: 1024px) 100vw, 1024px\" \/><\/figure>\n\n\n\n<p>Ya en el segundo asalto, los dos peleadores se fueron con todo en busca del nocaut, aunque el beneficio fue para Steven Nguyen, que en los \u00faltimos segundos volvi\u00f3 a conectar una derecha que le destroz\u00f3 el p\u00f3mulo a su rival.<br><\/p>\n\n\n\n<p>Tras la revisi\u00f3n de los dos contendientes por parte del cuerpo m\u00e9dico, se determin\u00f3 que Mohammad Yahya no pod\u00eda continuar, mientras el estadunidense celebr\u00f3 desde el oct\u00e1gono.<br><\/p>\n\n\n\n<p>En el total de golpes, Nguyen conect\u00f3 108 golpes de 194 lanzados y tuvo un control en la lona de 2 minutos y 43 segundos.<br><\/p>\n\n\n\n<p>El estadunidense logr\u00f3 mejorar su r\u00e9cord a 10 triunfos y dos derrotas como profesional, en lo que fue su segunda pelea dentro de UFC. En su primera contienda, cay\u00f3 por decisi\u00f3n ante Jarno Errens, de Pa\u00edses Bajos.<br><\/p>\n\n\n\n<p>Esta es la tercera derrota de Mohammad Yahya dentro de UFC, y este era su regreso desde la derrota que sufri\u00f3 ante el brasile\u00f1o Kau\u00e9 Fernandes, en agosto del 2024. Su r\u00e9cord profesional en el oct\u00e1gono fue de 12-6.<\/p>\n","protected":false},"excerpt":{"rendered":"<p>El peleador de Emiratos \u00c1rabes recibi\u00f3 un fuerte golpe en el rostro, que le provoc\u00f3 una lesi\u00f3n en su rostro durante el combate. La UFC es un espect\u00e1culo-deportivo que contin\u00faa demostrando que es un deporte de alto impacto, en esta ocasi\u00f3n ocurri\u00f3 un evento por dem\u00e1s muy impactante, luego de que el peleador Mohammad Yahya, [&hellip;]<\/p>\n","protected":false},"author":1,"featured_media":89155,"comment_status":"closed","ping_status":"closed","sticky":false,"template":"","format":"standard","meta":{"footnotes":""},"categories":[38],"tags":[],"class_list":["post-89150","post","type-post","status-publish","format-standard","has-post-thumbnail","hentry","category-deportes"],"_links":{"self":[{"href":"https:\/\/elinformante.mx\/index.php?rest_route=\/wp\/v2\/posts\/89150","targetHints":{"allow":["GET"]}}],"collection":[{"href":"https:\/\/elinformante.mx\/index.php?rest_route=\/wp\/v2\/posts"}],"about":[{"href":"https:\/\/elinformante.mx\/index.php?rest_route=\/wp\/v2\/types\/post"}],"author":[{"embeddable":true,"href":"https:\/\/elinformante.mx\/index.php?rest_route=\/wp\/v2\/users\/1"}],"replies":[{"embeddable":true,"href":"https:\/\/elinformante.mx\/index.php?rest_route=%2Fwp%2Fv2%2Fcomments&post=89150"}],"version-history":[{"count":0,"href":"https:\/\/elinformante.mx\/index.php?rest_route=\/wp\/v2\/posts\/89150\/revisions"}],"wp:featuredmedia":[{"embeddable":true,"href":"https:\/\/elinformante.mx\/index.php?rest_route=\/wp\/v2\/media\/89155"}],"wp:attachment":[{"href":"https:\/\/elinformante.mx\/index.php?rest_route=%2Fwp%2Fv2%2Fmedia&parent=89150"}],"wp:term":[{"taxonomy":"category","embeddable":true,"href":"https:\/\/elinformante.mx\/index.php?rest_route=%2Fwp%2Fv2%2Fcategories&post=89150"},{"taxonomy":"post_tag","embeddable":true,"href":"https:\/\/elinformante.mx\/index.php?rest_route=%2Fwp%2Fv2%2Ftags&post=89150"}],"curies":[{"name":"wp","href":"https:\/\/api.w.org\/{rel}","templated":true}]}}