{"id":89164,"date":"2025-07-28T11:01:03","date_gmt":"2025-07-28T17:01:03","guid":{"rendered":"https:\/\/elinformante.mx\/?p=89164"},"modified":"2025-07-28T11:01:06","modified_gmt":"2025-07-28T17:01:06","slug":"trabajamos-para-mejorar-la-calidad-de-vida-en-mexicaltzingo-saray-benitez","status":"publish","type":"post","link":"https:\/\/elinformante.mx\/?p=89164","title":{"rendered":"Trabajamos para mejorar la calidad de vida en Mexicaltzingo: Saray Ben\u00edtez"},"content":{"rendered":"\n<figure class=\"wp-block-pullquote\"><blockquote><p>Reconoci\u00f3 a la empresa Chedraui por abrir sus puertas y sumarse al desarrollo de Mexicaltzingo.<\/p><\/blockquote><\/figure>\n\n\n\n<p class=\"has-drop-cap\">Saray Ben\u00edtez Espinosa, presidenta municipal de Mexicaltzingo, contin\u00faa trabajando en beneficio de los habitantes del municipio.<br><\/p>\n\n\n\n<figure class=\"wp-block-image size-large\"><img fetchpriority=\"high\" decoding=\"async\" width=\"1024\" height=\"506\" src=\"https:\/\/elinformante.mx\/wp-content\/uploads\/2025\/07\/12mexi-2-2-1024x506.jpg\" alt=\"\" class=\"wp-image-89170\" srcset=\"https:\/\/elinformante.mx\/wp-content\/uploads\/2025\/07\/12mexi-2-2-1024x506.jpg 1024w, https:\/\/elinformante.mx\/wp-content\/uploads\/2025\/07\/12mexi-2-2-300x148.jpg 300w, https:\/\/elinformante.mx\/wp-content\/uploads\/2025\/07\/12mexi-2-2-768x379.jpg 768w, https:\/\/elinformante.mx\/wp-content\/uploads\/2025\/07\/12mexi-2-2.jpg 1140w\" sizes=\"(max-width: 1024px) 100vw, 1024px\" \/><\/figure>\n\n\n\n<p>Durante este fin de semana, Ben\u00edtez Espinosa llev\u00f3 a cabo la inauguraci\u00f3n de una nueva Super Chedraui, en compa\u00f1\u00eda de las autoridades del cabildo y personal de la tienda.<br><\/p>\n\n\n\n<p>Durante la inauguraci\u00f3n, Ben\u00edtez Espinosa se\u00f1al\u00f3 que su gobierno celebra la apertura de esta nueva tienda, y agradeci\u00f3 que hubieran puesto sus ojos en Mexicaltzingo, ya que con la inversi\u00f3n realizada, se podr\u00e1 impulsar la econom\u00eda local, adem\u00e1s de que se generar\u00e1n m\u00e1s empleos, y sin duda lo m\u00e1s importante es que las familias del municipio tendr\u00e1n muchas m\u00e1s opciones para aliviar sus bolsillos.<br><\/p>\n\n\n\n<figure class=\"wp-block-image size-large\"><img decoding=\"async\" width=\"1024\" height=\"506\" src=\"https:\/\/elinformante.mx\/wp-content\/uploads\/2025\/07\/12mexi-3-2-1024x506.jpg\" alt=\"\" class=\"wp-image-89171\" srcset=\"https:\/\/elinformante.mx\/wp-content\/uploads\/2025\/07\/12mexi-3-2-1024x506.jpg 1024w, https:\/\/elinformante.mx\/wp-content\/uploads\/2025\/07\/12mexi-3-2-300x148.jpg 300w, https:\/\/elinformante.mx\/wp-content\/uploads\/2025\/07\/12mexi-3-2-768x379.jpg 768w, https:\/\/elinformante.mx\/wp-content\/uploads\/2025\/07\/12mexi-3-2.jpg 1140w\" sizes=\"(max-width: 1024px) 100vw, 1024px\" \/><\/figure>\n\n\n\n<p>Reconoci\u00f3 a la empresa Chedraui por abrir sus puertas y sumarse al desarrollo de Mexicaltzingo.<br><\/p>\n\n\n\n<p>Saray Ben\u00edtez contin\u00fao con su trabajo y sostuvo una reuni\u00f3n de trabajo con el senador Homero Davis Castro, y con el Dr. V\u00edctor Hugo P\u00e9rez, quien es el gerente general de Leche para el Bienestar; y con quienes logr\u00f3 un acuerdo donde su gobierno continuar\u00e1 trabajando de manera coordinada para el bienestar de las familias de Mexicaltzingo.<\/p>\n","protected":false},"excerpt":{"rendered":"<p>Reconoci\u00f3 a la empresa Chedraui por abrir sus puertas y sumarse al desarrollo de Mexicaltzingo. Saray Ben\u00edtez Espinosa, presidenta municipal de Mexicaltzingo, contin\u00faa trabajando en beneficio de los habitantes del municipio. Durante este fin de semana, Ben\u00edtez Espinosa llev\u00f3 a cabo la inauguraci\u00f3n de una nueva Super Chedraui, en compa\u00f1\u00eda de las autoridades del cabildo [&hellip;]<\/p>\n","protected":false},"author":1,"featured_media":89169,"comment_status":"closed","ping_status":"closed","sticky":false,"template":"","format":"standard","meta":{"footnotes":""},"categories":[36],"tags":[],"class_list":["post-89164","post","type-post","status-publish","format-standard","has-post-thumbnail","hentry","category-edomex"],"_links":{"self":[{"href":"https:\/\/elinformante.mx\/index.php?rest_route=\/wp\/v2\/posts\/89164","targetHints":{"allow":["GET"]}}],"collection":[{"href":"https:\/\/elinformante.mx\/index.php?rest_route=\/wp\/v2\/posts"}],"about":[{"href":"https:\/\/elinformante.mx\/index.php?rest_route=\/wp\/v2\/types\/post"}],"author":[{"embeddable":true,"href":"https:\/\/elinformante.mx\/index.php?rest_route=\/wp\/v2\/users\/1"}],"replies":[{"embeddable":true,"href":"https:\/\/elinformante.mx\/index.php?rest_route=%2Fwp%2Fv2%2Fcomments&post=89164"}],"version-history":[{"count":0,"href":"https:\/\/elinformante.mx\/index.php?rest_route=\/wp\/v2\/posts\/89164\/revisions"}],"wp:featuredmedia":[{"embeddable":true,"href":"https:\/\/elinformante.mx\/index.php?rest_route=\/wp\/v2\/media\/89169"}],"wp:attachment":[{"href":"https:\/\/elinformante.mx\/index.php?rest_route=%2Fwp%2Fv2%2Fmedia&parent=89164"}],"wp:term":[{"taxonomy":"category","embeddable":true,"href":"https:\/\/elinformante.mx\/index.php?rest_route=%2Fwp%2Fv2%2Fcategories&post=89164"},{"taxonomy":"post_tag","embeddable":true,"href":"https:\/\/elinformante.mx\/index.php?rest_route=%2Fwp%2Fv2%2Ftags&post=89164"}],"curies":[{"name":"wp","href":"https:\/\/api.w.org\/{rel}","templated":true}]}}