{"id":89173,"date":"2025-07-28T11:02:50","date_gmt":"2025-07-28T17:02:50","guid":{"rendered":"https:\/\/elinformante.mx\/?p=89173"},"modified":"2025-07-28T11:02:51","modified_gmt":"2025-07-28T17:02:51","slug":"almoloya-de-juarez-refuerza-la-seguridad-con-mas-tecnologia-y-videovigilancia","status":"publish","type":"post","link":"https:\/\/elinformante.mx\/?p=89173","title":{"rendered":"Almoloya de Ju\u00e1rez refuerza la seguridad con m\u00e1s tecnolog\u00eda y videovigilancia"},"content":{"rendered":"\n<figure class=\"wp-block-pullquote\"><blockquote><p>La instalaci\u00f3n del equipo estuvo bajo la supervisi\u00f3n de autoridades estatales, y comenzar\u00e1 a operar en los pr\u00f3ximos d\u00edas.<\/p><\/blockquote><\/figure>\n\n\n\n<p class=\"has-drop-cap\">Como parte de la estrategia para fortalecer la seguridad en puntos estrat\u00e9gicos del municipio de Almoloya de Ju\u00e1rez, que encabeza el alcalde Adolfo Sol\u00eds G\u00f3mez, se llev\u00f3 cabo la gesti\u00f3n de la instalaci\u00f3n de un poste de videovigilancia, el cual se ubicar\u00e1 en las inmediaciones del Centro de Prevenci\u00f3n y Reinserci\u00f3n Social de Santiaguito.<br><\/p>\n\n\n\n<p>Esta colocaci\u00f3n del poste se logr\u00f3 gracias a la coordinaci\u00f3n entre el Centro de Mando Municipal C4 y el C5 del Estado de M\u00e9xico; adicionalmente se coloc\u00f3 un poste con c\u00e1maras PTZ y c\u00e1maras fijas de alta tecnolog\u00eda, estas permiten que se mantenga un constante monitoreo sobre la carretera Almoloya de Ju\u00e1rez\u2013Toluca, la cual, las autoridades identifican como una zona de alta circulaci\u00f3n vehicular y relevancia operativa.<br><\/p>\n\n\n\n<figure class=\"wp-block-image size-large\"><img fetchpriority=\"high\" decoding=\"async\" width=\"1024\" height=\"506\" src=\"https:\/\/elinformante.mx\/wp-content\/uploads\/2025\/07\/11ALMO-4-1024x506.jpg\" alt=\"\" class=\"wp-image-89179\" srcset=\"https:\/\/elinformante.mx\/wp-content\/uploads\/2025\/07\/11ALMO-4-1024x506.jpg 1024w, https:\/\/elinformante.mx\/wp-content\/uploads\/2025\/07\/11ALMO-4-300x148.jpg 300w, https:\/\/elinformante.mx\/wp-content\/uploads\/2025\/07\/11ALMO-4-768x379.jpg 768w, https:\/\/elinformante.mx\/wp-content\/uploads\/2025\/07\/11ALMO-4.jpg 1140w\" sizes=\"(max-width: 1024px) 100vw, 1024px\" \/><\/figure>\n\n\n\n<p>La instalaci\u00f3n del equipo estuvo bajo la supervisi\u00f3n de autoridades estatales, y comenzar\u00e1 a operar en los pr\u00f3ximos d\u00edas.<br><\/p>\n\n\n\n<p>Esta acci\u00f3n se ratifica el trabajo y esfuerzo conjunto entre el gobierno de Adolfo Sol\u00eds y el gobierno del Estado de M\u00e9xico, encabezado por la Gobernadora Delfina G\u00f3mez \u00c1lvarez para mejorar la capacidad de respuesta y disuasi\u00f3n ante posibles incidentes.<\/p>\n","protected":false},"excerpt":{"rendered":"<p>La instalaci\u00f3n del equipo estuvo bajo la supervisi\u00f3n de autoridades estatales, y comenzar\u00e1 a operar en los pr\u00f3ximos d\u00edas. Como parte de la estrategia para fortalecer la seguridad en puntos estrat\u00e9gicos del municipio de Almoloya de Ju\u00e1rez, que encabeza el alcalde Adolfo Sol\u00eds G\u00f3mez, se llev\u00f3 cabo la gesti\u00f3n de la instalaci\u00f3n de un poste [&hellip;]<\/p>\n","protected":false},"author":1,"featured_media":89178,"comment_status":"closed","ping_status":"closed","sticky":false,"template":"","format":"standard","meta":{"footnotes":""},"categories":[36],"tags":[],"class_list":["post-89173","post","type-post","status-publish","format-standard","has-post-thumbnail","hentry","category-edomex"],"_links":{"self":[{"href":"https:\/\/elinformante.mx\/index.php?rest_route=\/wp\/v2\/posts\/89173","targetHints":{"allow":["GET"]}}],"collection":[{"href":"https:\/\/elinformante.mx\/index.php?rest_route=\/wp\/v2\/posts"}],"about":[{"href":"https:\/\/elinformante.mx\/index.php?rest_route=\/wp\/v2\/types\/post"}],"author":[{"embeddable":true,"href":"https:\/\/elinformante.mx\/index.php?rest_route=\/wp\/v2\/users\/1"}],"replies":[{"embeddable":true,"href":"https:\/\/elinformante.mx\/index.php?rest_route=%2Fwp%2Fv2%2Fcomments&post=89173"}],"version-history":[{"count":0,"href":"https:\/\/elinformante.mx\/index.php?rest_route=\/wp\/v2\/posts\/89173\/revisions"}],"wp:featuredmedia":[{"embeddable":true,"href":"https:\/\/elinformante.mx\/index.php?rest_route=\/wp\/v2\/media\/89178"}],"wp:attachment":[{"href":"https:\/\/elinformante.mx\/index.php?rest_route=%2Fwp%2Fv2%2Fmedia&parent=89173"}],"wp:term":[{"taxonomy":"category","embeddable":true,"href":"https:\/\/elinformante.mx\/index.php?rest_route=%2Fwp%2Fv2%2Fcategories&post=89173"},{"taxonomy":"post_tag","embeddable":true,"href":"https:\/\/elinformante.mx\/index.php?rest_route=%2Fwp%2Fv2%2Ftags&post=89173"}],"curies":[{"name":"wp","href":"https:\/\/api.w.org\/{rel}","templated":true}]}}