{"id":89177,"date":"2025-07-28T11:03:56","date_gmt":"2025-07-28T17:03:56","guid":{"rendered":"https:\/\/elinformante.mx\/?p=89177"},"modified":"2025-07-28T11:03:59","modified_gmt":"2025-07-28T17:03:59","slug":"gobierno-de-toluca-implementara-operativo-verano-seguro","status":"publish","type":"post","link":"https:\/\/elinformante.mx\/?p=89177","title":{"rendered":"Gobierno de Toluca implementar\u00e1 operativo \u201cVerano Seguro\u201d"},"content":{"rendered":"\n<figure class=\"wp-block-pullquote\"><blockquote><p>Las autoridades continuar\u00e1n fomentando el autocuidado y la pac\u00edfica convivencia.<\/p><\/blockquote><\/figure>\n\n\n\n<p class=\"has-drop-cap\">La Direcci\u00f3n General de Seguridad y Protecci\u00f3n del municipio de Toluca estar\u00e1 implementando Ferias de Seguridad \u201cVerano Seguro\u201d para reforzar la cultura de la prevenci\u00f3n del delito y fomentar la cercan\u00eda entre la poblaci\u00f3n y las autoridades.<br><\/p>\n\n\n\n<p>En esta etapa inicia las delegaciones de Morelos, Capultitl\u00e1n y Santiago MiItepec ser\u00e1n quienes reciban la feria, en donde se llevar\u00e1n a cabo actividades l\u00fadicas, talleres de autoprotecci\u00f3n y m\u00f3dulos informativos en donde se brindar\u00e1 informaci\u00f3n sobre problemas como violencia familiar, embarazo adolescente, acoso escolar y extorsi\u00f3n.<br><\/p>\n\n\n\n<p>Uno de los principales objetivos de las ferias de seguridad es crear conciencia en los ni\u00f1os, ni\u00f1a, j\u00f3venes y en la ciudadan\u00eda en general, de la importancia de la autoprotecci\u00f3n, la denuncia, y la b\u00fasqueda de la convivencia sana y en paz.<br><\/p>\n\n\n\n<figure class=\"wp-block-image size-large\"><img fetchpriority=\"high\" decoding=\"async\" width=\"1024\" height=\"506\" src=\"https:\/\/elinformante.mx\/wp-content\/uploads\/2025\/07\/11TOLUCA-2-6-1024x506.jpg\" alt=\"\" class=\"wp-image-89183\" srcset=\"https:\/\/elinformante.mx\/wp-content\/uploads\/2025\/07\/11TOLUCA-2-6-1024x506.jpg 1024w, https:\/\/elinformante.mx\/wp-content\/uploads\/2025\/07\/11TOLUCA-2-6-300x148.jpg 300w, https:\/\/elinformante.mx\/wp-content\/uploads\/2025\/07\/11TOLUCA-2-6-768x379.jpg 768w, https:\/\/elinformante.mx\/wp-content\/uploads\/2025\/07\/11TOLUCA-2-6.jpg 1140w\" sizes=\"(max-width: 1024px) 100vw, 1024px\" \/><\/figure>\n\n\n\n<p>Jorge Alberto Ay\u00f3n Monsalve, director general de Seguridad y Protecci\u00f3n de Toluca se\u00f1al\u00f3 que se busca con estas acciones se brinden herramientas \u00fatiles a la ciudadan\u00eda para protegerse y generar entornos m\u00e1s seguros.<br><\/p>\n\n\n\n<p>Resalt\u00f3 que es parte fundamental de este esfuerzo conjunto entre el Gobierno de Toluca y la polic\u00eda, es que las ni\u00f1as y ni\u00f1os participen en actividades como \u201cMini Ciudad\u201d, donde pueden aprender normas viales mediante juegos interactivos.<br><\/p>\n\n\n\n<p>Se\u00f1al\u00f3 que tambi\u00e9n se tienen pensado para los adolescentes y j\u00f3venes, que a trav\u00e9s del uso de los \u201cLentes Fatal Visi\u00f3n\u201d, tomen conciencia de los riesgos de consumir alcohol y drogas, mediante una din\u00e1mica donde les hacen vivir el riesgo de conducir bajo los efectos del alcohol.<br><\/p>\n\n\n\n<p>Ay\u00f3n Monsalve explic\u00f3 que inicialmente estas ferias se realizaron en diversos centros educativos de nivel medio superior, y de ah\u00ed partieron para extenderlo a toda la ciudadan\u00eda, por lo que continuar\u00e1n visitando una a una las 48 delegaciones y 35 subdelegaciones del municipio.<\/p>\n","protected":false},"excerpt":{"rendered":"<p>Las autoridades continuar\u00e1n fomentando el autocuidado y la pac\u00edfica convivencia. La Direcci\u00f3n General de Seguridad y Protecci\u00f3n del municipio de Toluca estar\u00e1 implementando Ferias de Seguridad \u201cVerano Seguro\u201d para reforzar la cultura de la prevenci\u00f3n del delito y fomentar la cercan\u00eda entre la poblaci\u00f3n y las autoridades. En esta etapa inicia las delegaciones de Morelos, [&hellip;]<\/p>\n","protected":false},"author":1,"featured_media":89182,"comment_status":"closed","ping_status":"closed","sticky":false,"template":"","format":"standard","meta":{"footnotes":""},"categories":[30,36],"tags":[],"class_list":["post-89177","post","type-post","status-publish","format-standard","has-post-thumbnail","hentry","category-destacado","category-edomex"],"_links":{"self":[{"href":"https:\/\/elinformante.mx\/index.php?rest_route=\/wp\/v2\/posts\/89177","targetHints":{"allow":["GET"]}}],"collection":[{"href":"https:\/\/elinformante.mx\/index.php?rest_route=\/wp\/v2\/posts"}],"about":[{"href":"https:\/\/elinformante.mx\/index.php?rest_route=\/wp\/v2\/types\/post"}],"author":[{"embeddable":true,"href":"https:\/\/elinformante.mx\/index.php?rest_route=\/wp\/v2\/users\/1"}],"replies":[{"embeddable":true,"href":"https:\/\/elinformante.mx\/index.php?rest_route=%2Fwp%2Fv2%2Fcomments&post=89177"}],"version-history":[{"count":0,"href":"https:\/\/elinformante.mx\/index.php?rest_route=\/wp\/v2\/posts\/89177\/revisions"}],"wp:featuredmedia":[{"embeddable":true,"href":"https:\/\/elinformante.mx\/index.php?rest_route=\/wp\/v2\/media\/89182"}],"wp:attachment":[{"href":"https:\/\/elinformante.mx\/index.php?rest_route=%2Fwp%2Fv2%2Fmedia&parent=89177"}],"wp:term":[{"taxonomy":"category","embeddable":true,"href":"https:\/\/elinformante.mx\/index.php?rest_route=%2Fwp%2Fv2%2Fcategories&post=89177"},{"taxonomy":"post_tag","embeddable":true,"href":"https:\/\/elinformante.mx\/index.php?rest_route=%2Fwp%2Fv2%2Ftags&post=89177"}],"curies":[{"name":"wp","href":"https:\/\/api.w.org\/{rel}","templated":true}]}}