{"id":89181,"date":"2025-07-28T11:04:30","date_gmt":"2025-07-28T17:04:30","guid":{"rendered":"https:\/\/elinformante.mx\/?p=89181"},"modified":"2025-07-28T11:04:33","modified_gmt":"2025-07-28T17:04:33","slug":"han-participado-135-mil-estudiantes-mexiquenses-en-la-red-digital-del-ieem-en-este-2025","status":"publish","type":"post","link":"https:\/\/elinformante.mx\/?p=89181","title":{"rendered":"Han participado 135 mil estudiantes mexiquenses en la Red Digital del IEEM en este 2025"},"content":{"rendered":"\n<figure class=\"wp-block-pullquote\"><blockquote><p>-Se entreg\u00f3 una placa conmemorativa al CECyTEM N\u00famero 3 de Ecatepec de Morelos, por formar parte de la Red Digital de Educaci\u00f3n C\u00edvica y Participaci\u00f3n Ciudadana.<\/p><\/blockquote><\/figure>\n\n\n\n<p class=\"has-drop-cap\">De enero a junio de 2025 la Red Digital de Educaci\u00f3n C\u00edvica y Participaci\u00f3n Ciudadana del Instituto Electoral del Estado de M\u00e9xico (IEEM) cuenta con 135 mil registros. Esta herramienta, que impulsa la cultura c\u00edvica entre ni\u00f1as, ni\u00f1os, adolescencias y juventudes, est\u00e1 presente en todos los municipios de la entidad.<br><\/p>\n\n\n\n<p>Como parte de este esfuerzo, la Consejera Electoral Patricia Lozano Sanabria entreg\u00f3 una placa conmemorativa al Colegio de Estudios Cient\u00edficos y Tecnol\u00f3gicos del Estado de M\u00e9xico (CECyTEM) N\u00famero 3 de Ecatepec de Morelos. La Consejera Lozano Sanabria destac\u00f3 la constancia y el compromiso de esa comunidad escolar, que ha contribuido con 773 expresiones estudiantiles enfocadas en temas de valores c\u00edvicos y participaci\u00f3n democr\u00e1tica.<br><\/p>\n\n\n\n<p>La Consejera Electoral estuvo acompa\u00f1ada por Rommel Ulises Tob\u00edas Mart\u00ednez, Coordinador de Educaci\u00f3n C\u00edvica de la Direcci\u00f3n de Participaci\u00f3n Ciudadana (DPC) del IEEM; \u00d3scar Mendoza \u00c1ngeles, Director del plantel, y autoridades educativas.<br><\/p>\n\n\n\n<p>Cabe destacar que, la Red Digital es una aplicaci\u00f3n tecnol\u00f3gica que permite medir y fortalecer la cultura c\u00edvica a trav\u00e9s de indicadores como el conocimiento del calendario c\u00edvico; la realizaci\u00f3n de actividades ciudadanas, y la apropiaci\u00f3n de valores democr\u00e1ticos. Este mecanismo est\u00e1 dise\u00f1ado para ser utilizado desde computadoras o dispositivos m\u00f3viles.<br><\/p>\n\n\n\n<p>Para conocer los resultados, el IEEM invita a ingresar a: https:\/\/www.ieem.org.mx\/DPC\/red_digital\/index.html; y para sumarse a esta iniciativa, env\u00edanos un correo electr\u00f3nico a: dpc@ieem.org.mx<\/p>\n","protected":false},"excerpt":{"rendered":"<p>-Se entreg\u00f3 una placa conmemorativa al CECyTEM N\u00famero 3 de Ecatepec de Morelos, por formar parte de la Red Digital de Educaci\u00f3n C\u00edvica y Participaci\u00f3n Ciudadana. De enero a junio de 2025 la Red Digital de Educaci\u00f3n C\u00edvica y Participaci\u00f3n Ciudadana del Instituto Electoral del Estado de M\u00e9xico (IEEM) cuenta con 135 mil registros. Esta [&hellip;]<\/p>\n","protected":false},"author":1,"featured_media":89186,"comment_status":"closed","ping_status":"closed","sticky":false,"template":"","format":"standard","meta":{"footnotes":""},"categories":[36],"tags":[],"class_list":["post-89181","post","type-post","status-publish","format-standard","has-post-thumbnail","hentry","category-edomex"],"_links":{"self":[{"href":"https:\/\/elinformante.mx\/index.php?rest_route=\/wp\/v2\/posts\/89181","targetHints":{"allow":["GET"]}}],"collection":[{"href":"https:\/\/elinformante.mx\/index.php?rest_route=\/wp\/v2\/posts"}],"about":[{"href":"https:\/\/elinformante.mx\/index.php?rest_route=\/wp\/v2\/types\/post"}],"author":[{"embeddable":true,"href":"https:\/\/elinformante.mx\/index.php?rest_route=\/wp\/v2\/users\/1"}],"replies":[{"embeddable":true,"href":"https:\/\/elinformante.mx\/index.php?rest_route=%2Fwp%2Fv2%2Fcomments&post=89181"}],"version-history":[{"count":0,"href":"https:\/\/elinformante.mx\/index.php?rest_route=\/wp\/v2\/posts\/89181\/revisions"}],"wp:featuredmedia":[{"embeddable":true,"href":"https:\/\/elinformante.mx\/index.php?rest_route=\/wp\/v2\/media\/89186"}],"wp:attachment":[{"href":"https:\/\/elinformante.mx\/index.php?rest_route=%2Fwp%2Fv2%2Fmedia&parent=89181"}],"wp:term":[{"taxonomy":"category","embeddable":true,"href":"https:\/\/elinformante.mx\/index.php?rest_route=%2Fwp%2Fv2%2Fcategories&post=89181"},{"taxonomy":"post_tag","embeddable":true,"href":"https:\/\/elinformante.mx\/index.php?rest_route=%2Fwp%2Fv2%2Ftags&post=89181"}],"curies":[{"name":"wp","href":"https:\/\/api.w.org\/{rel}","templated":true}]}}