{"id":89185,"date":"2025-07-28T11:05:15","date_gmt":"2025-07-28T17:05:15","guid":{"rendered":"https:\/\/elinformante.mx\/?p=89185"},"modified":"2025-07-28T11:05:18","modified_gmt":"2025-07-28T17:05:18","slug":"rectora-patricia-zarza-continua-recorriendo-espacios-universitarios-de-la-uaemex","status":"publish","type":"post","link":"https:\/\/elinformante.mx\/?p=89185","title":{"rendered":"Rectora Patricia Zarza contin\u00faa recorriendo espacios universitarios de la UAEM\u00e9x"},"content":{"rendered":"\n<figure class=\"wp-block-pullquote\"><blockquote><p>La rectora ha reconocido la legitimidad de las demandas estudiantiles y se ha comprometido a mantener un di\u00e1logo permanente para resolver los conflictos pendientes.<\/p><\/blockquote><\/figure>\n\n\n\n<p class=\"has-drop-cap\">La rectora Patricia Zarza Delgado de la Universidad Aut\u00f3noma del Estado de M\u00e9xico (UAEM\u00e9x) contin\u00faa con sus recorridos de supervisi\u00f3n en los espacios auriverdes, ahora visit\u00f3 la Unidad Acad\u00e9mica Profesional Tianguistenco UAEM\u00e9x, que se transformar\u00e1 en Centro Universitario, un paso que busca fortalecer la infraestructura y las oportunidades acad\u00e9micas para la comunidad estudiantil de la regi\u00f3n.<br><\/p>\n\n\n\n<p>Este anuncio se di\u00f3 en un contexto de di\u00e1logo y apertura, valores que Zarza Delgado ha colocado como ejes centrales de su gesti\u00f3n, iniciada el 17 de julio de 2025.<br><\/p>\n\n\n\n<p>Durante su visita a Tianguistenco, la rectora destac\u00f3 la entrega formal de las instalaciones por parte de la comunidad estudiantil, un gesto que refleja la confianza en el proyecto de transformaci\u00f3n universitaria que impulsa su administraci\u00f3n. Este acto no solo simboliza la recuperaci\u00f3n de espacios f\u00edsicos, sino tambi\u00e9n el inicio de una nueva etapa de colaboraci\u00f3n entre las autoridades universitarias y los estudiantes.<br><\/p>\n\n\n\n<p>La rectora ha informado que recorrer\u00e1 los espacios acad\u00e9micos que hist\u00f3ricamente han sido olvidados, y que ahora tendr\u00e1n un proceso de transformaci\u00f3n a favor de las y los estudiantes.<br><\/p>\n\n\n\n<p>Zarza Delgado confirm\u00f3 que, en cada espacio universitario que ha visitado, se ha promovido el di\u00e1logo respetuoso, abierto y productivo, con miras a llevar los beneficios a la comunidad que los utiliza y que est\u00e9n en las mejores condiciones para su sana formaci\u00f3n acad\u00e9mica.<br><\/p>\n\n\n\n<figure class=\"wp-block-image size-large\"><img fetchpriority=\"high\" decoding=\"async\" width=\"1024\" height=\"506\" src=\"https:\/\/elinformante.mx\/wp-content\/uploads\/2025\/07\/10uaemex-3-3-1024x506.jpg\" alt=\"\" class=\"wp-image-89190\" srcset=\"https:\/\/elinformante.mx\/wp-content\/uploads\/2025\/07\/10uaemex-3-3-1024x506.jpg 1024w, https:\/\/elinformante.mx\/wp-content\/uploads\/2025\/07\/10uaemex-3-3-300x148.jpg 300w, https:\/\/elinformante.mx\/wp-content\/uploads\/2025\/07\/10uaemex-3-3-768x379.jpg 768w, https:\/\/elinformante.mx\/wp-content\/uploads\/2025\/07\/10uaemex-3-3.jpg 1140w\" sizes=\"(max-width: 1024px) 100vw, 1024px\" \/><\/figure>\n\n\n\n<p>A trav\u00e9s de sus redes sociales oficiales, Zarza Delgado subray\u00f3 que su administraci\u00f3n ser\u00e1 caracterizada por mantener cercan\u00eda con la comunidad auriverde, de manera justa e incluyente, sin dejar a nadie atr\u00e1s, a favor de la transformaci\u00f3n universitaria.<br><\/p>\n\n\n\n<p>\u201cMi convicci\u00f3n es firme: seguir construyendo, desde la cercan\u00eda y con puertas abiertas, una UAEM\u00e9x m\u00e1s justa, incluyente y comprometida con su comunidad\u201d, dijo.<br><\/p>\n\n\n\n<p>Se\u00f1al\u00f3 que la transformaci\u00f3n de la Unidad Acad\u00e9mica Profesional Tianguistenco en Centro Universitario responde a una visi\u00f3n de expansi\u00f3n y mejora de los servicios educativos en los distintos planteles de la UAEM\u00e9x. Este cambio busca consolidar una oferta acad\u00e9mica m\u00e1s robusta y accesible, atendiendo las demandas de una regi\u00f3n en crecimiento. La rectora ha enfatizado que su gesti\u00f3n priorizar\u00e1 la cercan\u00eda con la comunidad universitaria, recorriendo los espacios m\u00e1s olvidados y escuchando directamente las voces de quienes conforman la instituci\u00f3n.<br><\/p>\n\n\n\n<p>La rectora ha reconocido la legitimidad de las demandas estudiantiles y se ha comprometido a mantener un di\u00e1logo permanente para resolver los conflictos pendientes.<br><\/p>\n\n\n\n<p>Su visita a Tianguistenco, junto con mesas de trabajo en otros planteles como Texcoco, Acolman y Chimalhuac\u00e1n, evidencia un esfuerzo por construir puentes con los colectivos estudiantiles que a\u00fan mantienen demandas activas. La entrega de instalaciones en estos espacios ha sido interpretada como un voto de confianza hacia su proyecto, que promete una universidad m\u00e1s justa, incluyente y comprometida.<\/p>\n","protected":false},"excerpt":{"rendered":"<p>La rectora ha reconocido la legitimidad de las demandas estudiantiles y se ha comprometido a mantener un di\u00e1logo permanente para resolver los conflictos pendientes. La rectora Patricia Zarza Delgado de la Universidad Aut\u00f3noma del Estado de M\u00e9xico (UAEM\u00e9x) contin\u00faa con sus recorridos de supervisi\u00f3n en los espacios auriverdes, ahora visit\u00f3 la Unidad Acad\u00e9mica Profesional Tianguistenco [&hellip;]<\/p>\n","protected":false},"author":1,"featured_media":89189,"comment_status":"closed","ping_status":"closed","sticky":false,"template":"","format":"standard","meta":{"footnotes":""},"categories":[30,36],"tags":[],"class_list":["post-89185","post","type-post","status-publish","format-standard","has-post-thumbnail","hentry","category-destacado","category-edomex"],"_links":{"self":[{"href":"https:\/\/elinformante.mx\/index.php?rest_route=\/wp\/v2\/posts\/89185","targetHints":{"allow":["GET"]}}],"collection":[{"href":"https:\/\/elinformante.mx\/index.php?rest_route=\/wp\/v2\/posts"}],"about":[{"href":"https:\/\/elinformante.mx\/index.php?rest_route=\/wp\/v2\/types\/post"}],"author":[{"embeddable":true,"href":"https:\/\/elinformante.mx\/index.php?rest_route=\/wp\/v2\/users\/1"}],"replies":[{"embeddable":true,"href":"https:\/\/elinformante.mx\/index.php?rest_route=%2Fwp%2Fv2%2Fcomments&post=89185"}],"version-history":[{"count":0,"href":"https:\/\/elinformante.mx\/index.php?rest_route=\/wp\/v2\/posts\/89185\/revisions"}],"wp:featuredmedia":[{"embeddable":true,"href":"https:\/\/elinformante.mx\/index.php?rest_route=\/wp\/v2\/media\/89189"}],"wp:attachment":[{"href":"https:\/\/elinformante.mx\/index.php?rest_route=%2Fwp%2Fv2%2Fmedia&parent=89185"}],"wp:term":[{"taxonomy":"category","embeddable":true,"href":"https:\/\/elinformante.mx\/index.php?rest_route=%2Fwp%2Fv2%2Fcategories&post=89185"},{"taxonomy":"post_tag","embeddable":true,"href":"https:\/\/elinformante.mx\/index.php?rest_route=%2Fwp%2Fv2%2Ftags&post=89185"}],"curies":[{"name":"wp","href":"https:\/\/api.w.org\/{rel}","templated":true}]}}