{"id":89198,"date":"2025-07-28T11:07:41","date_gmt":"2025-07-28T17:07:41","guid":{"rendered":"https:\/\/elinformante.mx\/?p=89198"},"modified":"2025-07-28T11:07:44","modified_gmt":"2025-07-28T17:07:44","slug":"delfina-gomez-puso-en-marcha-el-transporte-colibri","status":"publish","type":"post","link":"https:\/\/elinformante.mx\/?p=89198","title":{"rendered":"Delfina G\u00f3mez puso en marcha el \u201cTransporte Colibr\u00ed\u201d"},"content":{"rendered":"\n<figure class=\"wp-block-pullquote\"><blockquote><p>-Se entregan seis veh\u00edculos equipados: tres para el SUEM, dos para el ISSEMYM y uno para el municipio de Ecatzingo, que cuentan con kits de apoyo y materiales did\u00e1cticos para mejorar el traslado del paciente.<\/p><\/blockquote><\/figure>\n\n\n\n<p class=\"has-drop-cap\">Como parte de la pol\u00edtica de bienestar y justicia social, la Gobernadora Delfina G\u00f3mez \u00c1lvarez encabez\u00f3 el banderazo de salida a seis unidades del programa \u201cTransporte Colibr\u00ed\u201d dise\u00f1ado para ofrecer traslados c\u00f3modos, seguros y solidarios a personas que enfrentan condiciones de salud complejas y viven en comunidades alejadas.<br><\/p>\n\n\n\n<p>\u201cEsta acci\u00f3n, sin duda alguna, lo que busca es respaldar a las familias que en sus hogares tienen a un ser querido que requiere atenci\u00f3n m\u00e9dica, y que para ello es necesario un traslado seguro hacia el hospital y de regreso a sus casas\u201d, asegur\u00f3 la Gobernadora Delfina G\u00f3mez \u00c1lvarez.<br><\/p>\n\n\n\n<p>Los seis veh\u00edculos de servicio para el Transporte Colibr\u00ed estar\u00e1n asignados de la siguiente forma: tres al Servicio de Urgencias del Estado de M\u00e9xico (SUEM), dos al ISSEMYM y uno m\u00e1s al municipio de Ecatzingo, una regi\u00f3n que ha sido hist\u00f3ricamente olvidada y hoy es escuchada por el Gobierno de la Maestra Delfina G\u00f3mez \u00c1lvarez.<br><\/p>\n\n\n\n<p>Con esta acci\u00f3n, el Gobierno del Estado de M\u00e9xico cumple su compromiso de acercar la atenci\u00f3n m\u00e9dica a quienes m\u00e1s lo requieren, como pacientes con c\u00e1ncer, personas con discapacidad o habitantes de zonas marginadas, quienes deben recorrer largas distancias para recibir tratamiento.<br><\/p>\n\n\n\n<p>La Mandataria estatal destac\u00f3 que es primordial ser emp\u00e1ticos con las y los mexiquenses que derivado de un problema de salud invierten horas para desplazarse para poder recibir atenci\u00f3n o rehabilitaci\u00f3n, y el gasto econ\u00f3mico que esto representa.<br><\/p>\n\n\n\n<p>\u201c\u201cEn una visita que hicimos al Hospital del Ni\u00f1o, coment\u00e1bamos precisamente con los padres de familia sobre su situaci\u00f3n, y nos comentaban que algo que a ellos les afectaba mucho era el que los ni\u00f1os con c\u00e1ncer que tienen que venir a hacer sus quimioterapias, o sus radioterapias, a veces las dejaban o no las hac\u00edan, porque no ten\u00edan para pagar algo tan simple, pero tan importante que era el pasaje\u201d, asegur\u00f3 la Gobernadora Delfina G\u00f3mez \u00c1lvarez.<br><\/p>\n\n\n\n<p>Las unidades entregadas est\u00e1n equipadas con un kit de apoyo (silla de ruedas, andadera, bast\u00f3n y muletas), as\u00ed como un kit did\u00e1ctico (crayolas, libros para colorear y rompecabezas), para brindar una experiencia de traslado m\u00e1s humana y adecuada, especialmente para ni\u00f1as, ni\u00f1os y personas en situaci\u00f3n de vulnerabilidad.<br><\/p>\n\n\n\n<p>\u201cLos Gobiernos de la Cuarta Transformaci\u00f3n, estamos ocupados en respaldar a quien m\u00e1s lo necesita; innovamos acciones como esta, para salvaguardar el bienestar de las ni\u00f1as, ni\u00f1os, adultos mayores y personas con discapacidad\u201d, concluy\u00f3 la Gobernadora Delfina G\u00f3mez \u00c1lvarez.<\/p>\n","protected":false},"excerpt":{"rendered":"<p>-Se entregan seis veh\u00edculos equipados: tres para el SUEM, dos para el ISSEMYM y uno para el municipio de Ecatzingo, que cuentan con kits de apoyo y materiales did\u00e1cticos para mejorar el traslado del paciente. Como parte de la pol\u00edtica de bienestar y justicia social, la Gobernadora Delfina G\u00f3mez \u00c1lvarez encabez\u00f3 el banderazo de salida [&hellip;]<\/p>\n","protected":false},"author":1,"featured_media":89200,"comment_status":"closed","ping_status":"closed","sticky":false,"template":"","format":"standard","meta":{"footnotes":""},"categories":[30,36,31],"tags":[],"class_list":["post-89198","post","type-post","status-publish","format-standard","has-post-thumbnail","hentry","category-destacado","category-edomex","category-portada"],"_links":{"self":[{"href":"https:\/\/elinformante.mx\/index.php?rest_route=\/wp\/v2\/posts\/89198","targetHints":{"allow":["GET"]}}],"collection":[{"href":"https:\/\/elinformante.mx\/index.php?rest_route=\/wp\/v2\/posts"}],"about":[{"href":"https:\/\/elinformante.mx\/index.php?rest_route=\/wp\/v2\/types\/post"}],"author":[{"embeddable":true,"href":"https:\/\/elinformante.mx\/index.php?rest_route=\/wp\/v2\/users\/1"}],"replies":[{"embeddable":true,"href":"https:\/\/elinformante.mx\/index.php?rest_route=%2Fwp%2Fv2%2Fcomments&post=89198"}],"version-history":[{"count":0,"href":"https:\/\/elinformante.mx\/index.php?rest_route=\/wp\/v2\/posts\/89198\/revisions"}],"wp:featuredmedia":[{"embeddable":true,"href":"https:\/\/elinformante.mx\/index.php?rest_route=\/wp\/v2\/media\/89200"}],"wp:attachment":[{"href":"https:\/\/elinformante.mx\/index.php?rest_route=%2Fwp%2Fv2%2Fmedia&parent=89198"}],"wp:term":[{"taxonomy":"category","embeddable":true,"href":"https:\/\/elinformante.mx\/index.php?rest_route=%2Fwp%2Fv2%2Fcategories&post=89198"},{"taxonomy":"post_tag","embeddable":true,"href":"https:\/\/elinformante.mx\/index.php?rest_route=%2Fwp%2Fv2%2Ftags&post=89198"}],"curies":[{"name":"wp","href":"https:\/\/api.w.org\/{rel}","templated":true}]}}