{"id":89199,"date":"2025-07-28T11:09:36","date_gmt":"2025-07-28T17:09:36","guid":{"rendered":"https:\/\/elinformante.mx\/?p=89199"},"modified":"2025-07-28T11:09:41","modified_gmt":"2025-07-28T17:09:41","slug":"ramirez-ponce-se-reune-con-el-presidente-electo-del-pjedomex","status":"publish","type":"post","link":"https:\/\/elinformante.mx\/?p=89199","title":{"rendered":"Ram\u00edrez Ponce se re\u00fane con el presidente electo del PJEdom\u00e9x"},"content":{"rendered":"\n<figure class=\"wp-block-pullquote\"><blockquote><p>La visita del magistrado presidente electo a Lerma forma parte de una gira in\u00e9dita en la historia del Poder Judicial mexiquense.<\/p><\/blockquote><\/figure>\n\n\n\n<p class=\"has-drop-cap\">El alcalde de Lerma, Miguel \u00c1ngel Ram\u00edrez Ponce, sostuvo un encuentro con el presidente electo del Poder Judicial del Estado de M\u00e9xico, H\u00e9ctor Macedo Garc\u00eda, como parte de la gira de trabajo que realiza el magistrado por distintos municipios de la entidad.<br><\/p>\n\n\n\n<p>Durante la reuni\u00f3n, Ram\u00edrez Ponce reconoci\u00f3 la visi\u00f3n humanista, cercana y profesional que impulsa el nuevo titular del Poder Judicial, as\u00ed como su compromiso con una justicia que trascienda los esquemas tradicionales, como la justicia itinerante, para consolidarse como un modelo m\u00e1s accesible y sensible a las necesidades ciudadanas.<br><\/p>\n\n\n\n<figure class=\"wp-block-image size-large\"><img fetchpriority=\"high\" decoding=\"async\" width=\"1024\" height=\"506\" src=\"https:\/\/elinformante.mx\/wp-content\/uploads\/2025\/07\/8-lerma-1024x506.jpg\" alt=\"\" class=\"wp-image-89204\" srcset=\"https:\/\/elinformante.mx\/wp-content\/uploads\/2025\/07\/8-lerma-1024x506.jpg 1024w, https:\/\/elinformante.mx\/wp-content\/uploads\/2025\/07\/8-lerma-300x148.jpg 300w, https:\/\/elinformante.mx\/wp-content\/uploads\/2025\/07\/8-lerma-768x379.jpg 768w, https:\/\/elinformante.mx\/wp-content\/uploads\/2025\/07\/8-lerma.jpg 1140w\" sizes=\"(max-width: 1024px) 100vw, 1024px\" \/><\/figure>\n\n\n\n<p>La visita del magistrado presidente electo forma parte de una gira in\u00e9dita en la historia del Poder Judicial mexiquense. H\u00e9ctor Macedo Garc\u00eda ha recorrido diversas regiones del estado para agradecer personalmente el respaldo ciudadano recibido durante su elecci\u00f3n y reiterar su compromiso con la transformaci\u00f3n del sistema de impartici\u00f3n de justicia.<br><\/p>\n\n\n\n<p>De acuerdo con el magistrado, este recorrido tiene dos objetivos centrales: escuchar de manera directa a la poblaci\u00f3n y compartir los lineamientos del nuevo modelo judicial, centrado en la cercan\u00eda con la gente, la sensibilidad social y la transparencia institucional.<\/p>\n\n\n\n<figure class=\"wp-block-image size-large\"><img decoding=\"async\" width=\"1024\" height=\"506\" src=\"https:\/\/elinformante.mx\/wp-content\/uploads\/2025\/07\/8-lerma-2-1024x506.jpg\" alt=\"\" class=\"wp-image-89205\" srcset=\"https:\/\/elinformante.mx\/wp-content\/uploads\/2025\/07\/8-lerma-2-1024x506.jpg 1024w, https:\/\/elinformante.mx\/wp-content\/uploads\/2025\/07\/8-lerma-2-300x148.jpg 300w, https:\/\/elinformante.mx\/wp-content\/uploads\/2025\/07\/8-lerma-2-768x379.jpg 768w, https:\/\/elinformante.mx\/wp-content\/uploads\/2025\/07\/8-lerma-2.jpg 1140w\" sizes=\"(max-width: 1024px) 100vw, 1024px\" \/><\/figure>\n","protected":false},"excerpt":{"rendered":"<p>La visita del magistrado presidente electo a Lerma forma parte de una gira in\u00e9dita en la historia del Poder Judicial mexiquense. El alcalde de Lerma, Miguel \u00c1ngel Ram\u00edrez Ponce, sostuvo un encuentro con el presidente electo del Poder Judicial del Estado de M\u00e9xico, H\u00e9ctor Macedo Garc\u00eda, como parte de la gira de trabajo que realiza [&hellip;]<\/p>\n","protected":false},"author":1,"featured_media":89203,"comment_status":"closed","ping_status":"closed","sticky":false,"template":"","format":"standard","meta":{"footnotes":""},"categories":[30,36,31],"tags":[46],"class_list":["post-89199","post","type-post","status-publish","format-standard","has-post-thumbnail","hentry","category-destacado","category-edomex","category-portada","tag-portadaedomex"],"_links":{"self":[{"href":"https:\/\/elinformante.mx\/index.php?rest_route=\/wp\/v2\/posts\/89199","targetHints":{"allow":["GET"]}}],"collection":[{"href":"https:\/\/elinformante.mx\/index.php?rest_route=\/wp\/v2\/posts"}],"about":[{"href":"https:\/\/elinformante.mx\/index.php?rest_route=\/wp\/v2\/types\/post"}],"author":[{"embeddable":true,"href":"https:\/\/elinformante.mx\/index.php?rest_route=\/wp\/v2\/users\/1"}],"replies":[{"embeddable":true,"href":"https:\/\/elinformante.mx\/index.php?rest_route=%2Fwp%2Fv2%2Fcomments&post=89199"}],"version-history":[{"count":0,"href":"https:\/\/elinformante.mx\/index.php?rest_route=\/wp\/v2\/posts\/89199\/revisions"}],"wp:featuredmedia":[{"embeddable":true,"href":"https:\/\/elinformante.mx\/index.php?rest_route=\/wp\/v2\/media\/89203"}],"wp:attachment":[{"href":"https:\/\/elinformante.mx\/index.php?rest_route=%2Fwp%2Fv2%2Fmedia&parent=89199"}],"wp:term":[{"taxonomy":"category","embeddable":true,"href":"https:\/\/elinformante.mx\/index.php?rest_route=%2Fwp%2Fv2%2Fcategories&post=89199"},{"taxonomy":"post_tag","embeddable":true,"href":"https:\/\/elinformante.mx\/index.php?rest_route=%2Fwp%2Fv2%2Ftags&post=89199"}],"curies":[{"name":"wp","href":"https:\/\/api.w.org\/{rel}","templated":true}]}}