{"id":89225,"date":"2025-07-28T11:15:51","date_gmt":"2025-07-28T17:15:51","guid":{"rendered":"https:\/\/elinformante.mx\/?p=89225"},"modified":"2025-07-28T11:15:54","modified_gmt":"2025-07-28T17:15:54","slug":"se-renueva-por-completo-el-ecosistema-audiovisual-de-la-sep-mario-delgado","status":"publish","type":"post","link":"https:\/\/elinformante.mx\/?p=89225","title":{"rendered":"Se renueva por completo el ecosistema audiovisual de la SEP: Mario Delgado"},"content":{"rendered":"\n<figure class=\"wp-block-pullquote\"><blockquote><p>-Inspira y Aprende ser\u00e1 un proyecto en constante crecimiento que conecta y motiva a las audiencias con mensajes claros en televisi\u00f3n, redes sociales y plataformas digitales<\/p><\/blockquote><\/figure>\n\n\n\n<p class=\"has-drop-cap\">Anunci\u00f3 el secretario de Educaci\u00f3n P\u00fablica, Mario Delgado Carrillo, el inicio de una nueva etapa en la Direcci\u00f3n General @prende.mx, a trav\u00e9s de la estrategia Inspira y Aprende, la cual renueva por completo el ecosistema audiovisual de la SEP y fortalece el compromiso institucional con la transformaci\u00f3n digital como parte de la Nueva Escuela Mexicana (NEM) fortalecida por la Presidenta Claudia Sheinbaum Pardo.<br><\/p>\n\n\n\n<p>Delgado Carrillo inform\u00f3 que Inspira y Aprende va m\u00e1s all\u00e1 de un cambio de imagen, ya que representa una visi\u00f3n que entiende que el aprendizaje no solo ocurre en el aula.<br><\/p>\n\n\n\n<p>Se trata de una estrategia integral que articula recursos, tecnolog\u00edas y la participaci\u00f3n activa de las comunidades escolares, en la que cada espacio educativo debe ser una oportunidad para compartir conocimiento y despertar el inter\u00e9s por aprender.<br><\/p>\n\n\n\n<p>\u201cEsta iniciativa busca acercar contenidos educativos en m\u00faltiples plataformas y formatos\u201d, puntualiz\u00f3 el titular de la SEP.<br><\/p>\n\n\n\n<p>Delgado Carrillo detall\u00f3 que Inspira y Aprende ser\u00e1 un proyecto en constante crecimiento que conecta y motiva a las audiencias con mensajes claros, cercanos y consistentes en televisi\u00f3n, redes sociales y plataformas digitales, mediante nuevas cortinillas, animaciones y materiales gr\u00e1ficos que subrayan valores esenciales: inspiraci\u00f3n, equidad, compromiso y transformaci\u00f3n.<br><\/p>\n\n\n\n<p>Estos elementos visuales expresan valores centrales como inspiraci\u00f3n, equidad, compromiso y transformaci\u00f3n, lo que fortalece la conexi\u00f3n con ni\u00f1as, ni\u00f1os, j\u00f3venes y docentes, agreg\u00f3.<br><\/p>\n\n\n\n<p>Mario Delgado afirm\u00f3 que educar no solo implica transmitir informaci\u00f3n, sino tambi\u00e9n inspirar, acompa\u00f1ar y transformar vidas, por lo que la dependencia a su cargo asume plenamente esa responsabilidad con las ni\u00f1as, ni\u00f1os, adolescentes y j\u00f3venes del pa\u00eds.<br><\/p>\n\n\n\n<p>El titular de la SEP invit\u00f3 a sintonizar Aprende+ en el 14.2 de televisi\u00f3n abierta y a explorar los cursos del Centro de Formaci\u00f3n. Tambi\u00e9n convoc\u00f3 a seguir los contenidos de @prende.mx en redes sociales y plataformas digitales, y asegur\u00f3 que Inspira y Aprende es una herramienta para ampliar el derecho al aprendizaje.<\/p>\n","protected":false},"excerpt":{"rendered":"<p>-Inspira y Aprende ser\u00e1 un proyecto en constante crecimiento que conecta y motiva a las audiencias con mensajes claros en televisi\u00f3n, redes sociales y plataformas digitales Anunci\u00f3 el secretario de Educaci\u00f3n P\u00fablica, Mario Delgado Carrillo, el inicio de una nueva etapa en la Direcci\u00f3n General @prende.mx, a trav\u00e9s de la estrategia Inspira y Aprende, la [&hellip;]<\/p>\n","protected":false},"author":1,"featured_media":89229,"comment_status":"closed","ping_status":"closed","sticky":false,"template":"","format":"standard","meta":{"footnotes":""},"categories":[34],"tags":[],"class_list":["post-89225","post","type-post","status-publish","format-standard","has-post-thumbnail","hentry","category-nacional"],"_links":{"self":[{"href":"https:\/\/elinformante.mx\/index.php?rest_route=\/wp\/v2\/posts\/89225","targetHints":{"allow":["GET"]}}],"collection":[{"href":"https:\/\/elinformante.mx\/index.php?rest_route=\/wp\/v2\/posts"}],"about":[{"href":"https:\/\/elinformante.mx\/index.php?rest_route=\/wp\/v2\/types\/post"}],"author":[{"embeddable":true,"href":"https:\/\/elinformante.mx\/index.php?rest_route=\/wp\/v2\/users\/1"}],"replies":[{"embeddable":true,"href":"https:\/\/elinformante.mx\/index.php?rest_route=%2Fwp%2Fv2%2Fcomments&post=89225"}],"version-history":[{"count":0,"href":"https:\/\/elinformante.mx\/index.php?rest_route=\/wp\/v2\/posts\/89225\/revisions"}],"wp:featuredmedia":[{"embeddable":true,"href":"https:\/\/elinformante.mx\/index.php?rest_route=\/wp\/v2\/media\/89229"}],"wp:attachment":[{"href":"https:\/\/elinformante.mx\/index.php?rest_route=%2Fwp%2Fv2%2Fmedia&parent=89225"}],"wp:term":[{"taxonomy":"category","embeddable":true,"href":"https:\/\/elinformante.mx\/index.php?rest_route=%2Fwp%2Fv2%2Fcategories&post=89225"},{"taxonomy":"post_tag","embeddable":true,"href":"https:\/\/elinformante.mx\/index.php?rest_route=%2Fwp%2Fv2%2Ftags&post=89225"}],"curies":[{"name":"wp","href":"https:\/\/api.w.org\/{rel}","templated":true}]}}