{"id":89234,"date":"2025-07-28T11:17:34","date_gmt":"2025-07-28T17:17:34","guid":{"rendered":"https:\/\/elinformante.mx\/?p=89234"},"modified":"2025-07-28T11:17:36","modified_gmt":"2025-07-28T17:17:36","slug":"refuerza-defensa-la-seguridad-en-sinaloa-sumando-90-elementos-de-fuerzas-especiales","status":"publish","type":"post","link":"https:\/\/elinformante.mx\/?p=89234","title":{"rendered":"Refuerza DEFENSA la seguridad en Sinaloa, sumando 90 elementos de Fuerzas Especiales"},"content":{"rendered":"\n<figure class=\"wp-block-pullquote\"><blockquote><p>Con esta incorporaci\u00f3n se buscan inhibir los actos delictivos y preservar el orden y la paz p\u00fablica.<\/p><\/blockquote><\/figure>\n\n\n\n<p class=\"has-drop-cap\">La Secretar\u00eda de la Defensa Nacional (Defensa) inform\u00f3 que 90 efectivos del Cuerpo de Fuerzas Especiales, despegaron a bordo de un avi\u00f3n C-130 H\u00e9rcules de transporte pesado de la Fuerza A\u00e9rea Mexicana de la Base A\u00e9rea Militar No. 1 de Santa Luc\u00eda, Estado de M\u00e9xico, a la Base A\u00e9rea Militar No. 10 de Culiac\u00e1n, Sinaloa.<br><\/p>\n\n\n\n<figure class=\"wp-block-image size-large\"><img fetchpriority=\"high\" decoding=\"async\" width=\"1024\" height=\"506\" src=\"https:\/\/elinformante.mx\/wp-content\/uploads\/2025\/07\/9REFUERZA-2-1024x506.jpg\" alt=\"\" class=\"wp-image-89240\" srcset=\"https:\/\/elinformante.mx\/wp-content\/uploads\/2025\/07\/9REFUERZA-2-1024x506.jpg 1024w, https:\/\/elinformante.mx\/wp-content\/uploads\/2025\/07\/9REFUERZA-2-300x148.jpg 300w, https:\/\/elinformante.mx\/wp-content\/uploads\/2025\/07\/9REFUERZA-2-768x379.jpg 768w, https:\/\/elinformante.mx\/wp-content\/uploads\/2025\/07\/9REFUERZA-2.jpg 1140w\" sizes=\"(max-width: 1024px) 100vw, 1024px\" \/><\/figure>\n\n\n\n<p>Mediante un comunicado la dependencia se\u00f1al\u00f3 que los uniformados se suman a las unidades de Fuerzas Especiales y de Fusileros Paracaidistas que el pasado 22 y 23 de julio de 2025, se incorporaron al despliegue operativo de la 9\/a. Zona Militar en esa entidad que se conforma con personal del Ej\u00e9rcito, Fuerza A\u00e9rea y Guardia Nacional.<br><\/p>\n\n\n\n<p>Mediante un comunicado Defensa se\u00f1al\u00f3 que la misi\u00f3n de las unidades de Fuerzas Especiales y Fusileros Paracaidistas en refuerzo, es de colaborar con las autoridades de los tres \u00f3rdenes de Gobierno para fortalecer el Estado de derecho e inhibir los actos delictivos, mediante acciones coordinadas que permitan contribuir en la preservaci\u00f3n del orden y la paz p\u00fablica en beneficio de la poblaci\u00f3n.<\/p>\n","protected":false},"excerpt":{"rendered":"<p>Con esta incorporaci\u00f3n se buscan inhibir los actos delictivos y preservar el orden y la paz p\u00fablica. La Secretar\u00eda de la Defensa Nacional (Defensa) inform\u00f3 que 90 efectivos del Cuerpo de Fuerzas Especiales, despegaron a bordo de un avi\u00f3n C-130 H\u00e9rcules de transporte pesado de la Fuerza A\u00e9rea Mexicana de la Base A\u00e9rea Militar No. [&hellip;]<\/p>\n","protected":false},"author":1,"featured_media":89238,"comment_status":"closed","ping_status":"closed","sticky":false,"template":"","format":"standard","meta":{"footnotes":""},"categories":[30,34,31],"tags":[],"class_list":["post-89234","post","type-post","status-publish","format-standard","has-post-thumbnail","hentry","category-destacado","category-nacional","category-portada"],"_links":{"self":[{"href":"https:\/\/elinformante.mx\/index.php?rest_route=\/wp\/v2\/posts\/89234","targetHints":{"allow":["GET"]}}],"collection":[{"href":"https:\/\/elinformante.mx\/index.php?rest_route=\/wp\/v2\/posts"}],"about":[{"href":"https:\/\/elinformante.mx\/index.php?rest_route=\/wp\/v2\/types\/post"}],"author":[{"embeddable":true,"href":"https:\/\/elinformante.mx\/index.php?rest_route=\/wp\/v2\/users\/1"}],"replies":[{"embeddable":true,"href":"https:\/\/elinformante.mx\/index.php?rest_route=%2Fwp%2Fv2%2Fcomments&post=89234"}],"version-history":[{"count":0,"href":"https:\/\/elinformante.mx\/index.php?rest_route=\/wp\/v2\/posts\/89234\/revisions"}],"wp:featuredmedia":[{"embeddable":true,"href":"https:\/\/elinformante.mx\/index.php?rest_route=\/wp\/v2\/media\/89238"}],"wp:attachment":[{"href":"https:\/\/elinformante.mx\/index.php?rest_route=%2Fwp%2Fv2%2Fmedia&parent=89234"}],"wp:term":[{"taxonomy":"category","embeddable":true,"href":"https:\/\/elinformante.mx\/index.php?rest_route=%2Fwp%2Fv2%2Fcategories&post=89234"},{"taxonomy":"post_tag","embeddable":true,"href":"https:\/\/elinformante.mx\/index.php?rest_route=%2Fwp%2Fv2%2Ftags&post=89234"}],"curies":[{"name":"wp","href":"https:\/\/api.w.org\/{rel}","templated":true}]}}