{"id":89310,"date":"2025-07-29T06:40:15","date_gmt":"2025-07-29T12:40:15","guid":{"rendered":"https:\/\/elinformante.mx\/?p=89310"},"modified":"2025-07-29T06:40:18","modified_gmt":"2025-07-29T12:40:18","slug":"revisa-ricardo-moreno-obras-y-avances-con-su-gabinete","status":"publish","type":"post","link":"https:\/\/elinformante.mx\/?p=89310","title":{"rendered":"Revisa Ricardo Moreno obras y avances con su gabinete"},"content":{"rendered":"\n<figure class=\"wp-block-pullquote\"><blockquote><p>Aborda temas como bacheo, atenci\u00f3n a lluvias, alumbrado, cultura y educaci\u00f3n, entre otros<\/p><\/blockquote><\/figure>\n\n\n\n<p class=\"has-drop-cap\">El Presidente Municipal de Toluca, Ricardo Moreno Bastida, tuvo una reuni\u00f3n de trabajo con su gabinete para evaluar avances y fortalecer las estrategias de gobierno en temas prioritarios para la capital mexiquense.<br><\/p>\n\n\n\n<p>Durante la reuni\u00f3n exhort\u00f3 a las y los titulares de cada direcci\u00f3n a mantener una coordinaci\u00f3n estrecha y alinear esfuerzos para poder dar respuesta eficaz e integral a las necesidades de la ciudadan\u00eda en cada delegaci\u00f3n del municipio.<br><\/p>\n\n\n\n<p>Entre los temas abordados destacan las labores de bacheo en distintos puntos del municipio, las acciones de prevenci\u00f3n de inundaciones, la inspecci\u00f3n a la b\u00f3veda del r\u00edo Verdiguel, as\u00ed como el seguimiento al Plan H\u00eddrico 2025-2050.<br><\/p>\n\n\n\n<figure class=\"wp-block-image size-large\"><img fetchpriority=\"high\" decoding=\"async\" width=\"1024\" height=\"506\" src=\"https:\/\/elinformante.mx\/wp-content\/uploads\/2025\/07\/8RICARDO-4-1024x506.jpg\" alt=\"\" class=\"wp-image-89312\" srcset=\"https:\/\/elinformante.mx\/wp-content\/uploads\/2025\/07\/8RICARDO-4-1024x506.jpg 1024w, https:\/\/elinformante.mx\/wp-content\/uploads\/2025\/07\/8RICARDO-4-300x148.jpg 300w, https:\/\/elinformante.mx\/wp-content\/uploads\/2025\/07\/8RICARDO-4-768x379.jpg 768w, https:\/\/elinformante.mx\/wp-content\/uploads\/2025\/07\/8RICARDO-4.jpg 1140w\" sizes=\"(max-width: 1024px) 100vw, 1024px\" \/><\/figure>\n\n\n\n<p>Tambi\u00e9n se revisaron los programas de actividades culturales, recreativas y educativas que se implementan en las delegaciones, el programa de alumbrado p\u00fablico, entre otros temas prioritarios para la capital mexiquense.<br><\/p>\n\n\n\n<p>Reconoci\u00f3 que a seis meses de gesti\u00f3n de su administraci\u00f3n los ciudadanos exigen resultados m\u00e1s contundentes y pidi\u00f3 a cada uno de los directores generales de \u00e1rea redoblar esfuerzos durante la segunda mitad del a\u00f1o, con el objetivo continuar con el fortalecimiento de los servicios y desarrollo de una mejor administraci\u00f3n en beneficio de todos los habitantes de la ciudad.<br><\/p>\n\n\n\n<p>Moreno Bastida reconoci\u00f3 el compromiso del personal de la administraci\u00f3n municipal y destac\u00f3 que gracias a su labor se ha logrado fortalecer la confianza de la poblaci\u00f3n, al demostrar que se gobierna con seriedad y responsabilidad en las 48 delegaciones y 37 subdelegaciones del municipio.<br><\/p>\n\n\n\n<figure class=\"wp-block-image size-large\"><img decoding=\"async\" width=\"1024\" height=\"506\" src=\"https:\/\/elinformante.mx\/wp-content\/uploads\/2025\/07\/8RICARDO-3-1024x506.jpg\" alt=\"\" class=\"wp-image-89313\" srcset=\"https:\/\/elinformante.mx\/wp-content\/uploads\/2025\/07\/8RICARDO-3-1024x506.jpg 1024w, https:\/\/elinformante.mx\/wp-content\/uploads\/2025\/07\/8RICARDO-3-300x148.jpg 300w, https:\/\/elinformante.mx\/wp-content\/uploads\/2025\/07\/8RICARDO-3-768x379.jpg 768w, https:\/\/elinformante.mx\/wp-content\/uploads\/2025\/07\/8RICARDO-3.jpg 1140w\" sizes=\"(max-width: 1024px) 100vw, 1024px\" \/><\/figure>\n\n\n\n<p>Moreno Bastida se\u00f1al\u00f3 que al exponer los principales problemas para concretar proyectos y programas, se llevo a cabo un evaluaci\u00f3n del avance de cada una de las \u00e1reas y se pidi\u00f3 fortalecer las estrategias en temas prioritarios.<br><\/p>\n\n\n\n<p>Pidi\u00f3 a los funcionarios, realizar un trabajo coordinado con las distintas \u00e1reas, pues ninguna tarea es aislada, todas requieren la intervenci\u00f3n de otras.<br><\/p>\n\n\n\n<p>Tambi\u00e9n reconoci\u00f3 el compromiso del personal de la administraci\u00f3n municipal, pues gracias a su labor se ha logrado la confianza de la poblaci\u00f3n.<\/p>\n\n\n\n<figure class=\"wp-block-image size-large\"><img decoding=\"async\" width=\"1024\" height=\"506\" src=\"https:\/\/elinformante.mx\/wp-content\/uploads\/2025\/07\/8RICARDO-2-1024x506.jpg\" alt=\"\" class=\"wp-image-89314\" srcset=\"https:\/\/elinformante.mx\/wp-content\/uploads\/2025\/07\/8RICARDO-2-1024x506.jpg 1024w, https:\/\/elinformante.mx\/wp-content\/uploads\/2025\/07\/8RICARDO-2-300x148.jpg 300w, https:\/\/elinformante.mx\/wp-content\/uploads\/2025\/07\/8RICARDO-2-768x379.jpg 768w, https:\/\/elinformante.mx\/wp-content\/uploads\/2025\/07\/8RICARDO-2.jpg 1140w\" sizes=\"(max-width: 1024px) 100vw, 1024px\" \/><\/figure>\n","protected":false},"excerpt":{"rendered":"<p>Aborda temas como bacheo, atenci\u00f3n a lluvias, alumbrado, cultura y educaci\u00f3n, entre otros El Presidente Municipal de Toluca, Ricardo Moreno Bastida, tuvo una reuni\u00f3n de trabajo con su gabinete para evaluar avances y fortalecer las estrategias de gobierno en temas prioritarios para la capital mexiquense. Durante la reuni\u00f3n exhort\u00f3 a las y los titulares de [&hellip;]<\/p>\n","protected":false},"author":1,"featured_media":89311,"comment_status":"closed","ping_status":"closed","sticky":false,"template":"","format":"standard","meta":{"footnotes":""},"categories":[30,36,31],"tags":[46],"class_list":["post-89310","post","type-post","status-publish","format-standard","has-post-thumbnail","hentry","category-destacado","category-edomex","category-portada","tag-portadaedomex"],"_links":{"self":[{"href":"https:\/\/elinformante.mx\/index.php?rest_route=\/wp\/v2\/posts\/89310","targetHints":{"allow":["GET"]}}],"collection":[{"href":"https:\/\/elinformante.mx\/index.php?rest_route=\/wp\/v2\/posts"}],"about":[{"href":"https:\/\/elinformante.mx\/index.php?rest_route=\/wp\/v2\/types\/post"}],"author":[{"embeddable":true,"href":"https:\/\/elinformante.mx\/index.php?rest_route=\/wp\/v2\/users\/1"}],"replies":[{"embeddable":true,"href":"https:\/\/elinformante.mx\/index.php?rest_route=%2Fwp%2Fv2%2Fcomments&post=89310"}],"version-history":[{"count":0,"href":"https:\/\/elinformante.mx\/index.php?rest_route=\/wp\/v2\/posts\/89310\/revisions"}],"wp:featuredmedia":[{"embeddable":true,"href":"https:\/\/elinformante.mx\/index.php?rest_route=\/wp\/v2\/media\/89311"}],"wp:attachment":[{"href":"https:\/\/elinformante.mx\/index.php?rest_route=%2Fwp%2Fv2%2Fmedia&parent=89310"}],"wp:term":[{"taxonomy":"category","embeddable":true,"href":"https:\/\/elinformante.mx\/index.php?rest_route=%2Fwp%2Fv2%2Fcategories&post=89310"},{"taxonomy":"post_tag","embeddable":true,"href":"https:\/\/elinformante.mx\/index.php?rest_route=%2Fwp%2Fv2%2Ftags&post=89310"}],"curies":[{"name":"wp","href":"https:\/\/api.w.org\/{rel}","templated":true}]}}