{"id":89481,"date":"2025-07-31T06:17:55","date_gmt":"2025-07-31T12:17:55","guid":{"rendered":"https:\/\/elinformante.mx\/?p=89481"},"modified":"2025-07-31T06:18:08","modified_gmt":"2025-07-31T12:18:08","slug":"apoya-japem-inclusion-laboral-mediante-certificacion-de-instituciones-asistenciales-en-edomex","status":"publish","type":"post","link":"https:\/\/elinformante.mx\/?p=89481","title":{"rendered":"Apoya JAPEM inclusi\u00f3n laboral mediante certificaci\u00f3n de instituciones asistenciales en Edom\u00e9x"},"content":{"rendered":"\n<figure class=\"wp-block-pullquote\"><blockquote><p>-La medida fortalece la empleabilidad de personas en situaci\u00f3n de vulnerabilidad, en colaboraci\u00f3n con la Asociaci\u00f3n Becando tus Sue\u00f1os.<\/p><\/blockquote><\/figure>\n\n\n\n<p class=\"has-drop-cap\">Para fortalecer la inclusi\u00f3n laboral de sectores en situaci\u00f3n de vulnerabilidad, la Secretar\u00eda de Bienestar del Estado de M\u00e9xico, a trav\u00e9s de la Junta de Asistencia Privada (JAPEM), promueve que las Instituciones de Asistencia Privada (IAP) obtengan acreditaci\u00f3n como Centros de Evaluaci\u00f3n de Competencias Laborales, respaldados por el Consejo Nacional de Normalizaci\u00f3n y Certificaci\u00f3n de Competencias Laborales (CONOCER).<br><\/p>\n\n\n\n<p>Sergio L\u00f3pez Manjarrez, Secretario Ejecutivo de la JAPEM, se\u00f1al\u00f3 que esta medida permitir\u00e1 al personal de las IAP adquirir los conocimientos te\u00f3ricos necesarios para realizar su trabajo conforme a la ley, la competitividad, el libre acceso, el respeto, el trabajo digno y la responsabilidad social.<br><\/p>\n\n\n\n<figure class=\"wp-block-image size-large\"><img fetchpriority=\"high\" decoding=\"async\" width=\"1024\" height=\"506\" src=\"https:\/\/elinformante.mx\/wp-content\/uploads\/2025\/07\/13apoya-1024x506.jpg\" alt=\"\" class=\"wp-image-89483\" srcset=\"https:\/\/elinformante.mx\/wp-content\/uploads\/2025\/07\/13apoya-1024x506.jpg 1024w, https:\/\/elinformante.mx\/wp-content\/uploads\/2025\/07\/13apoya-300x148.jpg 300w, https:\/\/elinformante.mx\/wp-content\/uploads\/2025\/07\/13apoya-768x379.jpg 768w, https:\/\/elinformante.mx\/wp-content\/uploads\/2025\/07\/13apoya.jpg 1140w\" sizes=\"(max-width: 1024px) 100vw, 1024px\" \/><\/figure>\n\n\n\n<p>Agreg\u00f3 que esta iniciativa se lleva a cabo en el marco del convenio de colaboraci\u00f3n firmado entre la JAPEM y la Asociaci\u00f3n Becando tus Sue\u00f1os, organismo certificador respaldado por la Secretar\u00eda de Educaci\u00f3n P\u00fablica (SEP), con atribuciones para acreditar competencias laborales conforme a los est\u00e1ndares nacionales.<br><\/p>\n\n\n\n<p>Explic\u00f3 que las instituciones interesadas ser\u00e1n seleccionadas con base en criterios como el n\u00famero de personas atendidas y la pertinencia de los sectores beneficiados, priorizando aquellas que respondan a las necesidades del mercado laboral en \u00e1reas clave como salud, atenci\u00f3n a personas con discapacidad y bienestar social.<br><\/p>\n\n\n\n<p>L\u00f3pez Manjarrez subray\u00f3 que, mediante estas acciones, el Gobierno del Estado de M\u00e9xico refrenda su compromiso con el desarrollo humano y la justicia social, promoviendo pol\u00edticas que mejoran la calidad de vida de los sectores m\u00e1s vulnerables.<\/p>\n","protected":false},"excerpt":{"rendered":"<p>-La medida fortalece la empleabilidad de personas en situaci\u00f3n de vulnerabilidad, en colaboraci\u00f3n con la Asociaci\u00f3n Becando tus Sue\u00f1os. Para fortalecer la inclusi\u00f3n laboral de sectores en situaci\u00f3n de vulnerabilidad, la Secretar\u00eda de Bienestar del Estado de M\u00e9xico, a trav\u00e9s de la Junta de Asistencia Privada (JAPEM), promueve que las Instituciones de Asistencia Privada (IAP) [&hellip;]<\/p>\n","protected":false},"author":1,"featured_media":89482,"comment_status":"closed","ping_status":"closed","sticky":false,"template":"","format":"standard","meta":{"footnotes":""},"categories":[36],"tags":[],"class_list":["post-89481","post","type-post","status-publish","format-standard","has-post-thumbnail","hentry","category-edomex"],"_links":{"self":[{"href":"https:\/\/elinformante.mx\/index.php?rest_route=\/wp\/v2\/posts\/89481","targetHints":{"allow":["GET"]}}],"collection":[{"href":"https:\/\/elinformante.mx\/index.php?rest_route=\/wp\/v2\/posts"}],"about":[{"href":"https:\/\/elinformante.mx\/index.php?rest_route=\/wp\/v2\/types\/post"}],"author":[{"embeddable":true,"href":"https:\/\/elinformante.mx\/index.php?rest_route=\/wp\/v2\/users\/1"}],"replies":[{"embeddable":true,"href":"https:\/\/elinformante.mx\/index.php?rest_route=%2Fwp%2Fv2%2Fcomments&post=89481"}],"version-history":[{"count":0,"href":"https:\/\/elinformante.mx\/index.php?rest_route=\/wp\/v2\/posts\/89481\/revisions"}],"wp:featuredmedia":[{"embeddable":true,"href":"https:\/\/elinformante.mx\/index.php?rest_route=\/wp\/v2\/media\/89482"}],"wp:attachment":[{"href":"https:\/\/elinformante.mx\/index.php?rest_route=%2Fwp%2Fv2%2Fmedia&parent=89481"}],"wp:term":[{"taxonomy":"category","embeddable":true,"href":"https:\/\/elinformante.mx\/index.php?rest_route=%2Fwp%2Fv2%2Fcategories&post=89481"},{"taxonomy":"post_tag","embeddable":true,"href":"https:\/\/elinformante.mx\/index.php?rest_route=%2Fwp%2Fv2%2Ftags&post=89481"}],"curies":[{"name":"wp","href":"https:\/\/api.w.org\/{rel}","templated":true}]}}