{"id":89503,"date":"2025-07-31T06:37:29","date_gmt":"2025-07-31T12:37:29","guid":{"rendered":"https:\/\/elinformante.mx\/?p=89503"},"modified":"2025-07-31T06:37:31","modified_gmt":"2025-07-31T12:37:31","slug":"fortalecen-educacion-para-la-paz-poder-judicial-y-poder-ejecutivo-mexiquenses","status":"publish","type":"post","link":"https:\/\/elinformante.mx\/?p=89503","title":{"rendered":"Fortalecen educaci\u00f3n para la paz Poder Judicial y Poder Ejecutivo mexiquenses"},"content":{"rendered":"\n<figure class=\"wp-block-pullquote\"><blockquote><p>-Firmaron convenio de colaboraci\u00f3n el Poder Judicial mexiquense y la Secretar\u00eda de Educaci\u00f3n, Ciencia, Tecnolog\u00eda e Innovaci\u00f3n para coadyuvar en la construcci\u00f3n de una sociedad m\u00e1s igualitaria, equitativa y justa.<\/p><\/blockquote><\/figure>\n\n\n\n<p class=\"has-drop-cap\">\u201cHoy se consolida una alianza que ubica a la educaci\u00f3n y a la impartici\u00f3n de justicia como motores de la transformaci\u00f3n social, porque en nuestras escuelas es donde se prepara a las nuevas generaciones para una participaci\u00f3n activa en la vida democr\u00e1tica, con civismo, tolerancia y responsabilidad social\u201d, expres\u00f3 Fernando D\u00edaz Ju\u00e1rez, titular del Poder Judicial del Estado de M\u00e9xico (PJEdomex) al firmar un convenio de colaboraci\u00f3n con la Secretar\u00eda de Educaci\u00f3n, Ciencia, Tecnolog\u00eda e Innovaci\u00f3n mexiquense, a fin de capacitar y certificar a 800 docentes y personal de distintos subsistemas de Educaci\u00f3n Media Superior, como mediadores y conciliadores escolares.<br><\/p>\n\n\n\n<p>Ante Miguel \u00c1ngel Hern\u00e1ndez Espejel, Secretario de Educaci\u00f3n, Ciencia, Tecnolog\u00eda e Innovaci\u00f3n, el Magistrado Presidente destac\u00f3 que esta suma de voluntades se alinea a la visi\u00f3n estrat\u00e9gica de la Gobernadora, Delfina G\u00f3mez \u00c1lvarez, al considerar a la educaci\u00f3n como la clave para acceder a una vida digna y de bienestar. Se\u00f1al\u00f3 que las acciones conjuntas contribuir\u00e1n a la construcci\u00f3n de una sociedad m\u00e1s igualitaria, equitativa, justa y con respeto a la dignidad humana, promoviendo un ambiente de inclusi\u00f3n, humanismo y valores que consolide la armon\u00eda en la sociedad.<br><\/p>\n\n\n\n<p>El personal docente y directivo podr\u00e1 identificar, prevenir y erradicar cualquier tipo de violencia entre ni\u00f1as, ni\u00f1os, adolescentes y j\u00f3venes.<br><\/p>\n\n\n\n<p>Detall\u00f3 que este convenio busca fomentar una cultura de paz, respeto y convivencia pac\u00edfica, mediante programas de prevenci\u00f3n, creando espacios seguros y no violentos, a partir de una estrategia concreta de capacitaci\u00f3n, a cargo del Centro Estatal de Mediaci\u00f3n, Conciliaci\u00f3n y Justicia Restaurativa del Poder Judicial.<br><\/p>\n\n\n\n<p>\u201cCon la suscripci\u00f3n de este importante documento se fortalecer\u00e1 la armon\u00eda social, donde los conflictos se resuelvan de manera constructiva. Que esta colaboraci\u00f3n sea ejemplo de c\u00f3mo se construye unidad para lograr un sistema de justicia abierto, leg\u00edtimo y accesible a la ciudadan\u00eda, que garantiza a cada persona el acceso a las soluciones efectivas con sensibilidad, cercan\u00eda y trato digno\u201d, manifest\u00f3 el titular del PJEdomex.<br><\/p>\n\n\n\n<p>Hern\u00e1ndez Espejel agradeci\u00f3 al Magistrado Presidente el esfuerzo estrat\u00e9gico entre poderes, que permitir\u00e1 seguir sembrando cultura de paz en las escuelas.<br><\/p>\n\n\n\n<p>Subray\u00f3 que cada vez que un conflicto se atiende con empat\u00eda, di\u00e1logo y herramientas de justicia restaurativa, se ense\u00f1a a vivir en comunidad, escuchando y resolviendo diferencias sin violencia. Refiri\u00f3 que este acuerdo reafirma un camino iniciado con la formaci\u00f3n de 562 docentes de Telebachillerato, quienes se prepararon el a\u00f1o pasado en esta materia.<br><\/p>\n\n\n\n<p>Ver\u00f3nica Hern\u00e1ndez Alc\u00e1ntara, Encargada de la Direcci\u00f3n General del Centro Estatal de Mediaci\u00f3n del PJEdomex, precis\u00f3 que este acto reafirma el compromiso institucional con la consolidaci\u00f3n de una sociedad cercana, accesible y transformadora.<br><\/p>\n\n\n\n<p>Resalt\u00f3 que esta cifra hist\u00f3rica de docentes que ser\u00e1n capacitados representa la formaci\u00f3n de agentes activos de cambio, que educar\u00e1n para la resoluci\u00f3n no violenta de los conflictos y abonar\u00e1n a la reconstrucci\u00f3n del tejido social desde la educaci\u00f3n, privilegiando a las ni\u00f1as, ni\u00f1os, adolescentes y j\u00f3venes en los espacios escolares.<\/p>\n","protected":false},"excerpt":{"rendered":"<p>-Firmaron convenio de colaboraci\u00f3n el Poder Judicial mexiquense y la Secretar\u00eda de Educaci\u00f3n, Ciencia, Tecnolog\u00eda e Innovaci\u00f3n para coadyuvar en la construcci\u00f3n de una sociedad m\u00e1s igualitaria, equitativa y justa. \u201cHoy se consolida una alianza que ubica a la educaci\u00f3n y a la impartici\u00f3n de justicia como motores de la transformaci\u00f3n social, porque en nuestras [&hellip;]<\/p>\n","protected":false},"author":1,"featured_media":89504,"comment_status":"closed","ping_status":"closed","sticky":false,"template":"","format":"standard","meta":{"footnotes":""},"categories":[36],"tags":[],"class_list":["post-89503","post","type-post","status-publish","format-standard","has-post-thumbnail","hentry","category-edomex"],"_links":{"self":[{"href":"https:\/\/elinformante.mx\/index.php?rest_route=\/wp\/v2\/posts\/89503","targetHints":{"allow":["GET"]}}],"collection":[{"href":"https:\/\/elinformante.mx\/index.php?rest_route=\/wp\/v2\/posts"}],"about":[{"href":"https:\/\/elinformante.mx\/index.php?rest_route=\/wp\/v2\/types\/post"}],"author":[{"embeddable":true,"href":"https:\/\/elinformante.mx\/index.php?rest_route=\/wp\/v2\/users\/1"}],"replies":[{"embeddable":true,"href":"https:\/\/elinformante.mx\/index.php?rest_route=%2Fwp%2Fv2%2Fcomments&post=89503"}],"version-history":[{"count":0,"href":"https:\/\/elinformante.mx\/index.php?rest_route=\/wp\/v2\/posts\/89503\/revisions"}],"wp:featuredmedia":[{"embeddable":true,"href":"https:\/\/elinformante.mx\/index.php?rest_route=\/wp\/v2\/media\/89504"}],"wp:attachment":[{"href":"https:\/\/elinformante.mx\/index.php?rest_route=%2Fwp%2Fv2%2Fmedia&parent=89503"}],"wp:term":[{"taxonomy":"category","embeddable":true,"href":"https:\/\/elinformante.mx\/index.php?rest_route=%2Fwp%2Fv2%2Fcategories&post=89503"},{"taxonomy":"post_tag","embeddable":true,"href":"https:\/\/elinformante.mx\/index.php?rest_route=%2Fwp%2Fv2%2Ftags&post=89503"}],"curies":[{"name":"wp","href":"https:\/\/api.w.org\/{rel}","templated":true}]}}