{"id":89567,"date":"2025-08-01T05:32:38","date_gmt":"2025-08-01T11:32:38","guid":{"rendered":"https:\/\/elinformante.mx\/?p=89567"},"modified":"2025-08-01T05:32:40","modified_gmt":"2025-08-01T11:32:40","slug":"padece-justin-timberlake-enfermedad-de-lyme","status":"publish","type":"post","link":"https:\/\/elinformante.mx\/?p=89567","title":{"rendered":"Padece Justin Timberlake enfermedad de Lyme"},"content":{"rendered":"\n<figure class=\"wp-block-pullquote\"><blockquote><p>Los peores s\u00edntomas de la enfermedad suelen aparecer entre 3 y 10 semanas tras la picadura, aunque en algunos casos pueden darse meses o incluso a\u00f1os despu\u00e9s.<\/p><\/blockquote><\/figure>\n\n\n\n<p class=\"has-drop-cap\">El cantante y actor estadounidense Justin Timberlake revel\u00f3 que fue diagnosticado con la enfermedad de Lyme.<br><\/p>\n\n\n\n<p>En un mensaje publicado en su cuenta de Instagram, apenas un d\u00eda despu\u00e9s de que terminara su gira mundial Forget Tomorrow, Timberlake expres\u00f3: \u201cHe estado luchando contra algunos problemas de salud\u201d.<br><\/p>\n\n\n\n<p>Debido a esto experiment\u00f3 \u201cintenso dolor\u201d, \u201cfatiga\u201d y \u201cmalestar\u201d durante algunos de sus conciertos, e incluso consider\u00f3 detener la gira.<br><\/p>\n\n\n\n<p>La estrella recientemente hab\u00eda recibido cr\u00edticas en redes sociales por parte de algunos asistentes a sus conciertos que calificaban como decepcionante su actuaci\u00f3n.<br><\/p>\n\n\n\n<p>Timberlake afirm\u00f3 que estaba tratando de ser m\u00e1s transparente sobre los problemas que afronta para que no se malinterpreten.<br><\/p>\n\n\n\n<p>Forget Tomorrow fue una gira de 121 fechas que arranc\u00f3 en Vancouver, Canad\u00e1, en abril de 2024 y se extendi\u00f3 por un a\u00f1o y tres meses.<br><\/p>\n\n\n\n<p>La enfermedad de Lyme es causada por una bacteria llamada Borrelia, que los humanos contraen a trav\u00e9s de la mordedura de una garrapata.<br><\/p>\n\n\n\n<p>Los peores s\u00edntomas de la enfermedad suelen aparecer entre 3 y 10 semanas tras la picadura, aunque en algunos casos pueden darse meses o incluso a\u00f1os despu\u00e9s.<br><\/p>\n\n\n\n<p>Estos incluyen sarpullidos a lo largo del cuerpo, dolor y rigidez en el cuello, debilidad muscular en la cara, latidos cardiacos irregulares, dolor y debilidad en las manos y los pies, e inclusive p\u00e9rdida de la visi\u00f3n.<br><\/p>\n\n\n\n<p>En algunos casos, la enfermedad de Lyme puede producir s\u00edntomas que aparecen y desaparecen a lo largo de a\u00f1os.<br><\/p>\n\n\n\n<p>Al revelar su condici\u00f3n, Justin Timberlake se\u00f1al\u00f3: \u201cSi has padecido esta enfermedad o conoces a alguien que la ha padecido, entonces sabes que vivir con ella puede ser muy debilitante, tanto mental como f\u00edsicamente\u201d.<br><\/p>\n\n\n\n<p>A pesar de las dificultades que le caus\u00f3 la enfermedad de Lyme durante la gira, Timberlake afirm\u00f3 estar feliz de haber salido adelante con ella.<\/p>\n","protected":false},"excerpt":{"rendered":"<p>Los peores s\u00edntomas de la enfermedad suelen aparecer entre 3 y 10 semanas tras la picadura, aunque en algunos casos pueden darse meses o incluso a\u00f1os despu\u00e9s. El cantante y actor estadounidense Justin Timberlake revel\u00f3 que fue diagnosticado con la enfermedad de Lyme. En un mensaje publicado en su cuenta de Instagram, apenas un d\u00eda [&hellip;]<\/p>\n","protected":false},"author":1,"featured_media":89571,"comment_status":"closed","ping_status":"closed","sticky":false,"template":"","format":"standard","meta":{"footnotes":""},"categories":[39],"tags":[],"class_list":["post-89567","post","type-post","status-publish","format-standard","has-post-thumbnail","hentry","category-espectaculos"],"_links":{"self":[{"href":"https:\/\/elinformante.mx\/index.php?rest_route=\/wp\/v2\/posts\/89567","targetHints":{"allow":["GET"]}}],"collection":[{"href":"https:\/\/elinformante.mx\/index.php?rest_route=\/wp\/v2\/posts"}],"about":[{"href":"https:\/\/elinformante.mx\/index.php?rest_route=\/wp\/v2\/types\/post"}],"author":[{"embeddable":true,"href":"https:\/\/elinformante.mx\/index.php?rest_route=\/wp\/v2\/users\/1"}],"replies":[{"embeddable":true,"href":"https:\/\/elinformante.mx\/index.php?rest_route=%2Fwp%2Fv2%2Fcomments&post=89567"}],"version-history":[{"count":0,"href":"https:\/\/elinformante.mx\/index.php?rest_route=\/wp\/v2\/posts\/89567\/revisions"}],"wp:featuredmedia":[{"embeddable":true,"href":"https:\/\/elinformante.mx\/index.php?rest_route=\/wp\/v2\/media\/89571"}],"wp:attachment":[{"href":"https:\/\/elinformante.mx\/index.php?rest_route=%2Fwp%2Fv2%2Fmedia&parent=89567"}],"wp:term":[{"taxonomy":"category","embeddable":true,"href":"https:\/\/elinformante.mx\/index.php?rest_route=%2Fwp%2Fv2%2Fcategories&post=89567"},{"taxonomy":"post_tag","embeddable":true,"href":"https:\/\/elinformante.mx\/index.php?rest_route=%2Fwp%2Fv2%2Ftags&post=89567"}],"curies":[{"name":"wp","href":"https:\/\/api.w.org\/{rel}","templated":true}]}}