{"id":89576,"date":"2025-08-01T05:35:47","date_gmt":"2025-08-01T11:35:47","guid":{"rendered":"https:\/\/elinformante.mx\/?p=89576"},"modified":"2025-08-01T05:35:49","modified_gmt":"2025-08-01T11:35:49","slug":"se-nombra-cristiano-ronaldo-como-el-mejor-de-la-historia-fifa-no-lo-cree-asi","status":"publish","type":"post","link":"https:\/\/elinformante.mx\/?p=89576","title":{"rendered":"Se nombra Cristiano Ronaldo como el mejor de la historia, FIFA no lo cree as\u00ed"},"content":{"rendered":"\n<figure class=\"wp-block-pullquote\"><blockquote><p>La FIFA prefiere mantener una postura m\u00e1s moderada, reconociendo su grandeza pero sin colocarlo por encima del resto.<\/p><\/blockquote><\/figure>\n\n\n\n<p class=\"has-drop-cap\">El portugu\u00e9s Cristiano Ronaldo volvi\u00f3 a encender la discusi\u00f3n sobre el mejor futbolista de la historia con una contundente frase: \u201cEl mejor de la historia soy yo. Punto final\u201d.<br><\/p>\n\n\n\n<p>Esto fue lo que dijo CR7 durante una entrevista donde el futbolista portugu\u00e9s reafirm\u00f3 su postura, destacando su impresionante cantidad de goles y su versatilidad dentro del campo.<br><\/p>\n\n\n\n<p>Tras las declaraciones emitidas, la FIFA, como lo hace siempre decidi\u00f3 tomar distancia de esa afirmaci\u00f3n y tomo la determinaci\u00f3n de no avala los dichos de Cristiano Ronaldo sobre ser el mejor jugador de todos los tiempos<br><\/p>\n\n\n\n<p>Toda esta situaci\u00f3n se da en el marco del cumplea\u00f1os n\u00famero 40 de Cristiano, la FIFA public\u00f3 un art\u00edculo en su sitio web oficial repasando su carrera, pero fue tajante al catalogarlo simplemente como \u201cuno de los mejores futbolistas de la historia\u201d.<br><\/p>\n\n\n\n<p>El organismo evit\u00f3 referirse al luso como el mejor de todos los tiempos, dejando en claro su posici\u00f3n respecto a un debate que atraviesa generaciones y fanatismos.<br><\/p>\n\n\n\n<p>La FIFA ha profundizado en su an\u00e1lisis dentro del apartado titulado \u201cEl mejor\u201d, donde explic\u00f3 que Cristiano fue considerado el n\u00famero uno del mundo en a\u00f1os concretos, al recibir el Bal\u00f3n de Oro en cinco ocasiones.<br><\/p>\n\n\n\n<p>Pero el mismo texto remarca que el \u00fanico que lo supera en este reconocimiento es Lionel Messi, quien lo gan\u00f3 ocho veces, dejando en evidencia la diferencia en el palmar\u00e9s individual.<br><\/p>\n\n\n\n<p>Sin embargo para muchos conocedores y a pesar de la postura del organismo, los n\u00fameros de Cristiano Ronaldo siguen siendo inapelables.<br><\/p>\n\n\n\n<p>Con 938 goles en 1.281 partidos oficiales, adem\u00e1s de 35 t\u00edtulos a nivel clubes y selecciones, su legado est\u00e1 m\u00e1s que asegurado. Desde sus pasos por el Sporting de Lisboa, Manchester United, Real Madrid, Juventus y ahora Al-Nassr, el \u201cBicho\u201d ha marcado una era con su ambici\u00f3n y mentalidad ganadora.<br><\/p>\n\n\n\n<p>La FIFA prefiere mantener una postura m\u00e1s moderada, reconociendo su grandeza pero sin colocarlo por encima del resto.<br><\/p>\n\n\n\n<p>Este debate probablemente nunca tenga una respuesta definitiva, pero el portugu\u00e9s deja en claro que, al menos para \u00e9l, los n\u00fameros ya resolvieron la discusi\u00f3n.<\/p>\n","protected":false},"excerpt":{"rendered":"<p>La FIFA prefiere mantener una postura m\u00e1s moderada, reconociendo su grandeza pero sin colocarlo por encima del resto. El portugu\u00e9s Cristiano Ronaldo volvi\u00f3 a encender la discusi\u00f3n sobre el mejor futbolista de la historia con una contundente frase: \u201cEl mejor de la historia soy yo. Punto final\u201d. Esto fue lo que dijo CR7 durante una [&hellip;]<\/p>\n","protected":false},"author":1,"featured_media":89577,"comment_status":"closed","ping_status":"closed","sticky":false,"template":"","format":"standard","meta":{"footnotes":""},"categories":[38],"tags":[],"class_list":["post-89576","post","type-post","status-publish","format-standard","has-post-thumbnail","hentry","category-deportes"],"_links":{"self":[{"href":"https:\/\/elinformante.mx\/index.php?rest_route=\/wp\/v2\/posts\/89576","targetHints":{"allow":["GET"]}}],"collection":[{"href":"https:\/\/elinformante.mx\/index.php?rest_route=\/wp\/v2\/posts"}],"about":[{"href":"https:\/\/elinformante.mx\/index.php?rest_route=\/wp\/v2\/types\/post"}],"author":[{"embeddable":true,"href":"https:\/\/elinformante.mx\/index.php?rest_route=\/wp\/v2\/users\/1"}],"replies":[{"embeddable":true,"href":"https:\/\/elinformante.mx\/index.php?rest_route=%2Fwp%2Fv2%2Fcomments&post=89576"}],"version-history":[{"count":0,"href":"https:\/\/elinformante.mx\/index.php?rest_route=\/wp\/v2\/posts\/89576\/revisions"}],"wp:featuredmedia":[{"embeddable":true,"href":"https:\/\/elinformante.mx\/index.php?rest_route=\/wp\/v2\/media\/89577"}],"wp:attachment":[{"href":"https:\/\/elinformante.mx\/index.php?rest_route=%2Fwp%2Fv2%2Fmedia&parent=89576"}],"wp:term":[{"taxonomy":"category","embeddable":true,"href":"https:\/\/elinformante.mx\/index.php?rest_route=%2Fwp%2Fv2%2Fcategories&post=89576"},{"taxonomy":"post_tag","embeddable":true,"href":"https:\/\/elinformante.mx\/index.php?rest_route=%2Fwp%2Fv2%2Ftags&post=89576"}],"curies":[{"name":"wp","href":"https:\/\/api.w.org\/{rel}","templated":true}]}}