{"id":89585,"date":"2025-08-01T05:45:13","date_gmt":"2025-08-01T11:45:13","guid":{"rendered":"https:\/\/elinformante.mx\/?p=89585"},"modified":"2025-08-01T05:45:15","modified_gmt":"2025-08-01T11:45:15","slug":"secti-y-pjedomex-capacitaran-a-docentes-para-fortalecer-la-convivencia-en-las-aulas-del-edomex","status":"publish","type":"post","link":"https:\/\/elinformante.mx\/?p=89585","title":{"rendered":"SECTI y PJEdom\u00e9x capacitar\u00e1n a docentes para fortalecer la convivencia en las aulas del Edom\u00e9x"},"content":{"rendered":"\n<figure class=\"wp-block-pullquote\"><blockquote><p>-El Gobierno del Estado de M\u00e9xico y el Poder Judicial estatal firman convenio como parte de una estrategia conjunta por la justicia y la convivencia pac\u00edfica en las aulas.<\/p><\/blockquote><\/figure>\n\n\n\n<p class=\"has-drop-cap\">La Secretar\u00eda de Educaci\u00f3n, Ciencia, Tecnolog\u00eda e Innovaci\u00f3n del Estado de M\u00e9xico (SECTI) y el Poder Judicial estatal, firmaron un convenio de colaboraci\u00f3n para fortalecer la mediaci\u00f3n escolar como herramienta clave en la formaci\u00f3n de comunidades educativas emp\u00e1ticas, justas y que fomenten el di\u00e1logo.<br><\/p>\n\n\n\n<p>Con este convenio, ambas instituciones renuevan la estrategia iniciada en 2024, que permiti\u00f3 capacitar a 562 docentes del Telebachillerato Comunitario en mecanismos alternativos de soluci\u00f3n de conflictos. En esta nueva etapa, ser\u00e1n 800 personas entre docentes y servidores p\u00fablicos de educaci\u00f3n media superior quienes recibir\u00e1n formaci\u00f3n especializada en mediaci\u00f3n y justicia restaurativa.<br><\/p>\n\n\n\n<p>La ceremonia se llev\u00f3 a cabo en el Palacio de Justicia en Toluca, con la participaci\u00f3n de Fernando D\u00edaz Ju\u00e1rez, Magistrado Presidente del Tribunal Superior de Justicia y del Consejo de la Judicatura y Miguel \u00c1ngel Hern\u00e1ndez Espejel, Secretario de Educaci\u00f3n, Ciencia, Tecnolog\u00eda e Innovaci\u00f3n.<br><\/p>\n\n\n\n<p>El Titular de la SECTI subray\u00f3 que estas acciones forman parte del compromiso del Gobierno de la Maestra Delfina G\u00f3mez \u00c1lvarez. Indic\u00f3 que cada vez que un conflicto se atiende con empat\u00eda, di\u00e1logo y herramientas restaurativas, se ense\u00f1a a vivir en comunidad, un aprendizaje profundo que impulsa la Nueva Escuela Mexicana (NEM).<br><\/p>\n\n\n\n<p>El Magistrado Presidente Fernando D\u00edaz Ju\u00e1rez celebr\u00f3 la sinergia entre Poderes y afirm\u00f3 que la justicia tambi\u00e9n se construye desde las aulas. Se\u00f1al\u00f3 que dotar a maestras, maestros y estudiantes de herramientas para resolver conflictos de forma pac\u00edfica es esencial para consolidar una educaci\u00f3n integral. Esta alianza, dijo, permite preparar a las nuevas generaciones para una participaci\u00f3n democr\u00e1tica, con civismo y respeto.<br><\/p>\n\n\n\n<p>Ver\u00f3nica Hern\u00e1ndez Alc\u00e1ntara, encargada del Centro Estatal de Mediaci\u00f3n, Conciliaci\u00f3n y Justicia Restaurativa del Poder Judicial, destac\u00f3 que la mediaci\u00f3n no solo resuelve conflictos, sino que los transforma, previene y educa para la paz, ya que las escuelas son espacios donde se construye ciudadan\u00eda. Por ello, se busca introducir la mediaci\u00f3n escolar como una inversi\u00f3n \u00e9tica y social de gran alcance.<br><\/p>\n\n\n\n<p>La firma del convenio representa una inversi\u00f3n estatal de dos millones de pesos en bienestar emocional, formaci\u00f3n docente y cultura de paz en las escuelas. Como parte del acuerdo, el Poder Judicial impartir\u00e1 capacitaciones al personal de bachillerato general y tecnol\u00f3gico, as\u00ed como a directivos y personal de la Direcci\u00f3n General de Educaci\u00f3n Media Superior.<br><\/p>\n\n\n\n<p>El acto cont\u00f3 con la participaci\u00f3n de consejeras y consejeros de la Judicatura del Estado de M\u00e9xico, directivos del Poder Judicial y autoridades educativas, quienes coincidieron en que la mediaci\u00f3n escolar es una v\u00eda eficaz y profundamente humana para la reconstrucci\u00f3n del tejido social desde la educaci\u00f3n.<\/p>\n","protected":false},"excerpt":{"rendered":"<p>-El Gobierno del Estado de M\u00e9xico y el Poder Judicial estatal firman convenio como parte de una estrategia conjunta por la justicia y la convivencia pac\u00edfica en las aulas. La Secretar\u00eda de Educaci\u00f3n, Ciencia, Tecnolog\u00eda e Innovaci\u00f3n del Estado de M\u00e9xico (SECTI) y el Poder Judicial estatal, firmaron un convenio de colaboraci\u00f3n para fortalecer la [&hellip;]<\/p>\n","protected":false},"author":1,"featured_media":89586,"comment_status":"closed","ping_status":"closed","sticky":false,"template":"","format":"standard","meta":{"footnotes":""},"categories":[30,36],"tags":[],"class_list":["post-89585","post","type-post","status-publish","format-standard","has-post-thumbnail","hentry","category-destacado","category-edomex"],"_links":{"self":[{"href":"https:\/\/elinformante.mx\/index.php?rest_route=\/wp\/v2\/posts\/89585","targetHints":{"allow":["GET"]}}],"collection":[{"href":"https:\/\/elinformante.mx\/index.php?rest_route=\/wp\/v2\/posts"}],"about":[{"href":"https:\/\/elinformante.mx\/index.php?rest_route=\/wp\/v2\/types\/post"}],"author":[{"embeddable":true,"href":"https:\/\/elinformante.mx\/index.php?rest_route=\/wp\/v2\/users\/1"}],"replies":[{"embeddable":true,"href":"https:\/\/elinformante.mx\/index.php?rest_route=%2Fwp%2Fv2%2Fcomments&post=89585"}],"version-history":[{"count":0,"href":"https:\/\/elinformante.mx\/index.php?rest_route=\/wp\/v2\/posts\/89585\/revisions"}],"wp:featuredmedia":[{"embeddable":true,"href":"https:\/\/elinformante.mx\/index.php?rest_route=\/wp\/v2\/media\/89586"}],"wp:attachment":[{"href":"https:\/\/elinformante.mx\/index.php?rest_route=%2Fwp%2Fv2%2Fmedia&parent=89585"}],"wp:term":[{"taxonomy":"category","embeddable":true,"href":"https:\/\/elinformante.mx\/index.php?rest_route=%2Fwp%2Fv2%2Fcategories&post=89585"},{"taxonomy":"post_tag","embeddable":true,"href":"https:\/\/elinformante.mx\/index.php?rest_route=%2Fwp%2Fv2%2Ftags&post=89585"}],"curies":[{"name":"wp","href":"https:\/\/api.w.org\/{rel}","templated":true}]}}