{"id":89588,"date":"2025-08-01T05:48:11","date_gmt":"2025-08-01T11:48:11","guid":{"rendered":"https:\/\/elinformante.mx\/?p=89588"},"modified":"2025-08-01T05:48:14","modified_gmt":"2025-08-01T11:48:14","slug":"celebra-saray-benitez-a-los-cumpleaneros-de-la-casa-de-dia-del-adulto-mayor","status":"publish","type":"post","link":"https:\/\/elinformante.mx\/?p=89588","title":{"rendered":"Celebra Saray Ben\u00edtez a los cumplea\u00f1eros de la Casa de D\u00eda del Adulto Mayor"},"content":{"rendered":"\n<figure class=\"wp-block-pullquote\"><blockquote><p>Adem\u00e1s, Saray Ben\u00edtez se reuni\u00f3 con el equipo de karate de IMCUFIDEM, conformado por ni\u00f1as, ni\u00f1os y j\u00f3venes talentosos.<\/p><\/blockquote><\/figure>\n\n\n\n<p class=\"has-drop-cap\">Saray Ben\u00edtez Espinosa, presidenta municipal de Mexicaltzingo, se reuni\u00f3 con los adultos mayores de la Casa de D\u00eda del Adulto Mayor, en donde acompa\u00f1\u00f3 a celebrar con mucho cari\u00f1o a las y los cumplea\u00f1eros del mes de julio.<br><\/p>\n\n\n\n<p>Afirm\u00f3 junto a ellos que para ella siempre es un gusto convivir con sus personas adultas mayores, adem\u00e1s poder escuchar sus historias y aprender de su sabidur\u00eda, llen\u00e1ndose de su alegr\u00eda.<br><\/p>\n\n\n\n<p>\u201cSon el coraz\u00f3n de nuestras familias y un pilar fundamental de nuestra comunidad\u201d.<br><\/p>\n\n\n\n<figure class=\"wp-block-image size-large\"><img fetchpriority=\"high\" decoding=\"async\" width=\"1024\" height=\"506\" src=\"https:\/\/elinformante.mx\/wp-content\/uploads\/2025\/08\/12mexi-2-1024x506.jpg\" alt=\"\" class=\"wp-image-89590\" srcset=\"https:\/\/elinformante.mx\/wp-content\/uploads\/2025\/08\/12mexi-2-1024x506.jpg 1024w, https:\/\/elinformante.mx\/wp-content\/uploads\/2025\/08\/12mexi-2-300x148.jpg 300w, https:\/\/elinformante.mx\/wp-content\/uploads\/2025\/08\/12mexi-2-768x379.jpg 768w, https:\/\/elinformante.mx\/wp-content\/uploads\/2025\/08\/12mexi-2.jpg 1140w\" sizes=\"(max-width: 1024px) 100vw, 1024px\" \/><\/figure>\n\n\n\n<p>Pero adem\u00e1s, Saray Ben\u00edtez se reuni\u00f3 con el equipo de karate de IMCUFIDEM, conformado por ni\u00f1as, ni\u00f1os y j\u00f3venes talentosos.<br><\/p>\n\n\n\n<p>Se\u00f1al\u00f3 que este grupo de talentosas ni\u00f1as, ni\u00f1os y j\u00f3venes representar\u00e1n a Mexicaltzingo en el torneo Alligator Challenge.<br><\/p>\n\n\n\n<p>Y les afirm\u00f3 que no solo ella est\u00e1 orgullosa de todo lo que han logrado, y lo que van a lograr, agradeci\u00f3 que sean un ejemplo para toda la ni\u00f1ez de Mexicaltzingo.<br><\/p>\n\n\n\n<p>Y se comprometi\u00f3 para seguir impulsando el deporte en el municipio, respaldando a la ni\u00f1ez y juventud. \u201cReafirmamos nuestro profundo compromiso con el deporte.\u201d<\/p>\n\n\n\n<figure class=\"wp-block-image size-large\"><img decoding=\"async\" width=\"1024\" height=\"506\" src=\"https:\/\/elinformante.mx\/wp-content\/uploads\/2025\/08\/12mexi-3-1024x506.jpg\" alt=\"\" class=\"wp-image-89591\" srcset=\"https:\/\/elinformante.mx\/wp-content\/uploads\/2025\/08\/12mexi-3-1024x506.jpg 1024w, https:\/\/elinformante.mx\/wp-content\/uploads\/2025\/08\/12mexi-3-300x148.jpg 300w, https:\/\/elinformante.mx\/wp-content\/uploads\/2025\/08\/12mexi-3-768x379.jpg 768w, https:\/\/elinformante.mx\/wp-content\/uploads\/2025\/08\/12mexi-3.jpg 1140w\" sizes=\"(max-width: 1024px) 100vw, 1024px\" \/><\/figure>\n","protected":false},"excerpt":{"rendered":"<p>Adem\u00e1s, Saray Ben\u00edtez se reuni\u00f3 con el equipo de karate de IMCUFIDEM, conformado por ni\u00f1as, ni\u00f1os y j\u00f3venes talentosos. Saray Ben\u00edtez Espinosa, presidenta municipal de Mexicaltzingo, se reuni\u00f3 con los adultos mayores de la Casa de D\u00eda del Adulto Mayor, en donde acompa\u00f1\u00f3 a celebrar con mucho cari\u00f1o a las y los cumplea\u00f1eros del mes [&hellip;]<\/p>\n","protected":false},"author":1,"featured_media":89589,"comment_status":"closed","ping_status":"closed","sticky":false,"template":"","format":"standard","meta":{"footnotes":""},"categories":[36],"tags":[],"class_list":["post-89588","post","type-post","status-publish","format-standard","has-post-thumbnail","hentry","category-edomex"],"_links":{"self":[{"href":"https:\/\/elinformante.mx\/index.php?rest_route=\/wp\/v2\/posts\/89588","targetHints":{"allow":["GET"]}}],"collection":[{"href":"https:\/\/elinformante.mx\/index.php?rest_route=\/wp\/v2\/posts"}],"about":[{"href":"https:\/\/elinformante.mx\/index.php?rest_route=\/wp\/v2\/types\/post"}],"author":[{"embeddable":true,"href":"https:\/\/elinformante.mx\/index.php?rest_route=\/wp\/v2\/users\/1"}],"replies":[{"embeddable":true,"href":"https:\/\/elinformante.mx\/index.php?rest_route=%2Fwp%2Fv2%2Fcomments&post=89588"}],"version-history":[{"count":0,"href":"https:\/\/elinformante.mx\/index.php?rest_route=\/wp\/v2\/posts\/89588\/revisions"}],"wp:featuredmedia":[{"embeddable":true,"href":"https:\/\/elinformante.mx\/index.php?rest_route=\/wp\/v2\/media\/89589"}],"wp:attachment":[{"href":"https:\/\/elinformante.mx\/index.php?rest_route=%2Fwp%2Fv2%2Fmedia&parent=89588"}],"wp:term":[{"taxonomy":"category","embeddable":true,"href":"https:\/\/elinformante.mx\/index.php?rest_route=%2Fwp%2Fv2%2Fcategories&post=89588"},{"taxonomy":"post_tag","embeddable":true,"href":"https:\/\/elinformante.mx\/index.php?rest_route=%2Fwp%2Fv2%2Ftags&post=89588"}],"curies":[{"name":"wp","href":"https:\/\/api.w.org\/{rel}","templated":true}]}}